{"id":660872,"date":"2026-01-13T15:32:11","date_gmt":"2026-01-13T15:32:11","guid":{"rendered":"https:\/\/www.europesays.com\/fr\/660872\/"},"modified":"2026-01-13T15:32:11","modified_gmt":"2026-01-13T15:32:11","slug":"affecte-mentalement-aubameyang-ne-devrait-pas-jouer-contre-bayeux","status":"publish","type":"post","link":"https:\/\/www.europesays.com\/fr\/660872\/","title":{"rendered":"Affect\u00e9 mentalement, Aubameyang ne devrait pas jouer contre Bayeux"},"content":{"rendered":"<p><strong><\/p>\n<p>Pierre-Emerick Aubameyang ne devrait pas faire le d\u00e9placement \u00e0 Caen pour les 16es de finale de la Coupe de France face au FC Bayeux, ce mardi \u00e0 21 heures.<\/p>\n<p><\/strong><\/p>\n<p>L\u2019attaquant de l\u2019OM <strong>devrait \u00eatre mis au repos par Roberto De Zerbi<\/strong>, selon L\u2019\u00c9quipe. L\u2019international gabonais traverse une p\u00e9riode compliqu\u00e9e. Il sort d\u2019une CAN difficile avec le Gabon, marqu\u00e9e par une \u00e9limination pr\u00e9coce et des <a href=\"https:\/\/www.footmarseille.com\/137095-aubameyang-suspendu-puis-gracie-par-le-gabon\" data-type=\"link\" data-id=\"https:\/\/www.footmarseille.com\/137095-aubameyang-suspendu-puis-gracie-par-le-gabon\" target=\"_blank\" rel=\"noopener\">sanctions disciplinaires ayant conduit \u00e0 son exclusion <\/a>de la s\u00e9lection. Un \u00e9pisode \u00e9prouvant, d\u2019autant plus qu\u2019il n\u2019a pas b\u00e9n\u00e9fici\u00e9 de la tr\u00eave hivernale.<\/p>\n<p>Un encha\u00eenement difficile pour Aubameyang<\/p>\n<p>Rapidement revenu en club, Aubameyang a ensuite v\u00e9cu une nouvelle d\u00e9sillusion lors du Troph\u00e9e des Champions face au PSG. Battu aux tirs au but au Kowe\u00eft, l\u2019OM a vu son attaquant manquer une occasion d\u00e9cisive avant l\u2019\u00e9galisation parisienne.<\/p>\n<p>Touch\u00e9 physiquement et mentalement par l\u2019encha\u00eenement de ces \u00e9v\u00e9nements, le joueur de 36 ans devrait donc souffler quelques jours. Apr\u00e8s Robinio Vaz, <a href=\"https:\/\/www.footmarseille.com\/137934-vaz-ecarte-a-lom-le-malaise-grandit-et-son-avenir-sassombrit\" data-type=\"link\" data-id=\"https:\/\/www.footmarseille.com\/137934-vaz-ecarte-a-lom-le-malaise-grandit-et-son-avenir-sassombrit\" target=\"_blank\" rel=\"noopener\">absent pour d\u2019autres raisons<\/a>, un second attaquant marseillais manquera ainsi ce rendez-vous de Coupe de France.<\/p>\n","protected":false},"excerpt":{"rendered":"Pierre-Emerick Aubameyang ne devrait pas faire le d\u00e9placement \u00e0 Caen pour les 16es de finale de la Coupe&hellip;\n","protected":false},"author":2,"featured_media":660873,"comment_status":"","ping_status":"","sticky":false,"template":"","format":"standard","meta":{"footnotes":""},"categories":[9],"tags":[1011,27,60],"class_list":{"0":"post-660872","1":"post","2":"type-post","3":"status-publish","4":"format-standard","5":"has-post-thumbnail","7":"category-sports","8":"tag-fr","9":"tag-france","10":"tag-sports"},"share_on_mastodon":{"url":"https:\/\/pubeurope.com\/@fr\/115888517607485257","error":""},"_links":{"self":[{"href":"https:\/\/www.europesays.com\/fr\/wp-json\/wp\/v2\/posts\/660872","targetHints":{"allow":["GET"]}}],"collection":[{"href":"https:\/\/www.europesays.com\/fr\/wp-json\/wp\/v2\/posts"}],"about":[{"href":"https:\/\/www.europesays.com\/fr\/wp-json\/wp\/v2\/types\/post"}],"author":[{"embeddable":true,"href":"https:\/\/www.europesays.com\/fr\/wp-json\/wp\/v2\/users\/2"}],"replies":[{"embeddable":true,"href":"https:\/\/www.europesays.com\/fr\/wp-json\/wp\/v2\/comments?post=660872"}],"version-history":[{"count":0,"href":"https:\/\/www.europesays.com\/fr\/wp-json\/wp\/v2\/posts\/660872\/revisions"}],"wp:featuredmedia":[{"embeddable":true,"href":"https:\/\/www.europesays.com\/fr\/wp-json\/wp\/v2\/media\/660873"}],"wp:attachment":[{"href":"https:\/\/www.europesays.com\/fr\/wp-json\/wp\/v2\/media?parent=660872"}],"wp:term":[{"taxonomy":"category","embeddable":true,"href":"https:\/\/www.europesays.com\/fr\/wp-json\/wp\/v2\/categories?post=660872"},{"taxonomy":"post_tag","embeddable":true,"href":"https:\/\/www.europesays.com\/fr\/wp-json\/wp\/v2\/tags?post=660872"}],"curies":[{"name":"wp","href":"https:\/\/api.w.org\/{rel}","templated":true}]}}