{"id":660898,"date":"2026-01-13T15:45:16","date_gmt":"2026-01-13T15:45:16","guid":{"rendered":"https:\/\/www.europesays.com\/fr\/660898\/"},"modified":"2026-01-13T15:45:16","modified_gmt":"2026-01-13T15:45:16","slug":"je-lai-poursuivi-avec-une-hache-juste-pour-lui-faire-peur-le-trentenaire-finit-en-prison","status":"publish","type":"post","link":"https:\/\/www.europesays.com\/fr\/660898\/","title":{"rendered":"\u00ab\u00a0Je l\u2019ai poursuivi avec une hache juste pour lui faire peur\u00a0\u00bb\u00a0: le trentenaire finit en prison"},"content":{"rendered":"<p>\n                                                                Interpell\u00e9, puis plac\u00e9 en d\u00e9tention pour avoir poursuivi un homme dans les rues de Montpellier avec une hache \u00e0 la main, Driss comparaissait au tribunal judiciaire le 7\u00a0janvier.\n                            <\/p>\n<p>Entre fumer le\u00a0calumet de la paix ou d\u00e9terrer\u00a0la hache de guerre, Driss, 34 ans, a choisi la seconde option lors\u00a0d\u2019une altercation avec un homme, \u00e0 Montpellier, qui aurait\u00a0tent\u00e9 de s\u00e9duire sa compagne dans le local que le couple squatte depuis des mois. Hors de lui, il s\u2019empare d\u2019une hache et poursuit le \u00ab\u00a0s\u00e9ducteur\u00a0\u00bb dans la rue. Interpell\u00e9 rapidement, il est plac\u00e9 en d\u00e9tention provisoire le 5\u00a0janvier.<\/p>\n<p>La victime donne une tout autre version des faits aux policiers intervenus\u00a0sur les lieux.\u00a0Driss lui aurait vol\u00e9 son t\u00e9l\u00e9phone portable. Et c\u2019est parce qu\u2019il voulait le lui reprendre que Driss\u00a0se serait\u00a0saisi de la\u00a0hache\u00a0et l\u2019aurait pourchass\u00e9, ce que conteste ce dernier. Pr\u00e9sent\u00e9 en comparution imm\u00e9diate au tribunal judiciaire de Montpellier, le 7\u00a0janvier, il est poursuivi pour violence avec usage d\u2019une arme sans incapacit\u00e9 et usage illicite de stup\u00e9fiants.<\/p>\n<p>Une r\u00e9action disproportionn\u00e9e<\/p>\n<p>\u00ab\u00a0Ce n\u2019est pas commun de brandir une hache en pleine rue. Comment en \u00eates-vous arriv\u00e9 l\u00e0\u00a0?\u00a0\u00bb, l\u2019interroge le pr\u00e9sident du tribunal, Alexandre Baillon. \u00ab\u00a0Je voulais l\u2019\u00e9loigner de nous, car il nous cause des probl\u00e8mes avec ma copine. Je l\u2019ai poursuivi avec une hache juste pour lui faire peur. Je ne comptais pas m\u2019en servir contre lui. Je ne suis pas quelqu\u2019un de violent. Je demande pardon pour ce que j\u2019ai fait\u00a0\u00bb, explique le pr\u00e9venu. Un t\u00e9moin de la sc\u00e8ne dans la rue pr\u00e9cise que les deux hommes se sont arr\u00eat\u00e9s de courir et\u00a0se sont parl\u00e9, avant de partir chacun de leur c\u00f4t\u00e9.<\/p>\n<p>Pour la procureure, Marie Hamiti, quelles que soient les causes de l\u2019altercation, la r\u00e9action de Driss est \u00ab\u00a0disproportionn\u00e9e. Poursuivre un homme avec une hache dans la main repr\u00e9sente un trouble \u00e0 l\u2019ordre public\u00a0\u00bb. Elle requiert 12 mois de prison dont 6 avec sursis et une interdiction de port d\u2019armes durant 5 ans. Faisant l\u2019objet, par ailleurs, d\u2019une obligation de quitter le territoire fran\u00e7ais, elle requiert\u00a0une interdiction du territoire fran\u00e7ais durant 5 ans.<\/p>\n<p>\u00ab\u00a0N\u2019importe qui d\u2019autre n\u2019aurait pas \u00e9t\u00e9 envoy\u00e9 en prison\u00a0\u00bb<\/p>\n<p>Arriv\u00e9 en France \u00e0 l\u2019\u00e2ge de 9 ans, toujours en situation irr\u00e9guli\u00e8re, Driss est sans domicile fixe. Pour s\u2019en sortir, il travaille dans le b\u00e2timent, mais il n\u2019a jamais \u00e9t\u00e9 d\u00e9clar\u00e9. Il souffre de son isolement et de sa pr\u00e9carit\u00e9, selon les conclusions de l\u2019enqu\u00eate de personnalit\u00e9 conduite dans le cadre de la proc\u00e9dure. Il est sans ant\u00e9c\u00e9dents judiciaires.<\/p>\n<p>Pour son avocat, Me Mottin-Lafeuil, le motif de violence avec arme n\u2019est pas justifi\u00e9 puisque les deux protagonistes se sont parl\u00e9 avant de se s\u00e9parer. La victime n\u2019est d\u2019ailleurs pas venue d\u00e9poser plainte. Quant \u00e0 l\u2019usage de stup\u00e9fiants, non seulement aucun d\u00e9pistage n\u2019a \u00e9t\u00e9 r\u00e9alis\u00e9 mais en plus son client n\u2019a pas \u00e9t\u00e9 retrouv\u00e9 avec des produits sur lui.<\/p>\n<p>Avant de s\u2019insurger sur le fait que ce dernier, bien qu\u2019ayant\u00a0un casier judiciaire vierge, a \u00e9t\u00e9 envoy\u00e9 imm\u00e9diatement en prison \u00ab\u00a0parce qu\u2019il est SDF et qu\u2019il est en situation irr\u00e9guli\u00e8re.\u00a0Il a d\u00e9j\u00e0 pass\u00e9 deux jours en d\u00e9tention alors que n\u2019importe qui d\u2019autre n\u2019aurait pas \u00e9t\u00e9 envoy\u00e9 en prison\u00a0\u00bb. Il plaide une relaxe int\u00e9grale ou une peine en sursis simple si le tribunal entre en voie de condamnation. Le tribunal l\u2019a en partie suivi en\u00a0condamnant le pr\u00e9venu \u00e0 5 mois de prison en sursis simple, une interdiction de port d\u2019armes et de pr\u00e9sence sur le territoire fran\u00e7ais durant 5 ans.<\/p>\n","protected":false},"excerpt":{"rendered":"Interpell\u00e9, puis plac\u00e9 en d\u00e9tention pour avoir poursuivi un homme dans les rues de Montpellier avec une hache&hellip;\n","protected":false},"author":2,"featured_media":660899,"comment_status":"","ping_status":"","sticky":false,"template":"","format":"standard","meta":{"footnotes":""},"categories":[9599],"tags":[1111,11,1777,674,1011,27,7089,303,2208,12,2680,25],"class_list":{"0":"post-660898","1":"post","2":"type-post","3":"status-publish","4":"format-standard","5":"has-post-thumbnail","7":"category-montpellier","8":"tag-actu","9":"tag-actualites","10":"tag-eu","11":"tag-europe","12":"tag-fr","13":"tag-france","14":"tag-herault","15":"tag-justice","16":"tag-montpellier","17":"tag-news","18":"tag-occitanie","19":"tag-republique-francaise"},"share_on_mastodon":{"url":"https:\/\/pubeurope.com\/@fr\/115888568634111651","error":""},"_links":{"self":[{"href":"https:\/\/www.europesays.com\/fr\/wp-json\/wp\/v2\/posts\/660898","targetHints":{"allow":["GET"]}}],"collection":[{"href":"https:\/\/www.europesays.com\/fr\/wp-json\/wp\/v2\/posts"}],"about":[{"href":"https:\/\/www.europesays.com\/fr\/wp-json\/wp\/v2\/types\/post"}],"author":[{"embeddable":true,"href":"https:\/\/www.europesays.com\/fr\/wp-json\/wp\/v2\/users\/2"}],"replies":[{"embeddable":true,"href":"https:\/\/www.europesays.com\/fr\/wp-json\/wp\/v2\/comments?post=660898"}],"version-history":[{"count":0,"href":"https:\/\/www.europesays.com\/fr\/wp-json\/wp\/v2\/posts\/660898\/revisions"}],"wp:featuredmedia":[{"embeddable":true,"href":"https:\/\/www.europesays.com\/fr\/wp-json\/wp\/v2\/media\/660899"}],"wp:attachment":[{"href":"https:\/\/www.europesays.com\/fr\/wp-json\/wp\/v2\/media?parent=660898"}],"wp:term":[{"taxonomy":"category","embeddable":true,"href":"https:\/\/www.europesays.com\/fr\/wp-json\/wp\/v2\/categories?post=660898"},{"taxonomy":"post_tag","embeddable":true,"href":"https:\/\/www.europesays.com\/fr\/wp-json\/wp\/v2\/tags?post=660898"}],"curies":[{"name":"wp","href":"https:\/\/api.w.org\/{rel}","templated":true}]}}