{"id":660904,"date":"2026-01-13T15:48:17","date_gmt":"2026-01-13T15:48:17","guid":{"rendered":"https:\/\/www.europesays.com\/fr\/660904\/"},"modified":"2026-01-13T15:48:17","modified_gmt":"2026-01-13T15:48:17","slug":"municipales-2026-quels-sont-les-candidats-declares-a-rouen","status":"publish","type":"post","link":"https:\/\/www.europesays.com\/fr\/660904\/","title":{"rendered":"Municipales 2026 : quels sont les candidats d\u00e9clar\u00e9s \u00e0 Rouen\u00a0?"},"content":{"rendered":"<p>Les municipales se tiendront les 15 et 22 mars 2026. Qui sont les candidats d\u00e9clar\u00e9s ou en voie de l&rsquo;\u00eatre \u00e0 Rouen (Seine-Maritime) pour ces \u00e9lections\u00a0? Retrouvez la liste \u00e9tablie par ICI Normandie.<\/p>\n<p>Pour les \u00e9lections municipales des 15 et 22 mars 2026, quatre candidats sont officiellement d\u00e9clar\u00e9s \u00e0 Rouen (Seine-Maritime), dont le maire sortant Nicolas Mayer-Rossignol. ICI Normandie dresse la liste des candidats.<\/p>\n<p>loading<\/p>\n<ul>\n<li><strong>Marine Caron, t\u00eate de liste Horizons<\/strong><\/li>\n<\/ul>\n<p>Marine Caron (Horizons)\u00a0<a class=\"IciLink ici-link IciArticleLink g-ici-body-regular-1 underline brand svelte-1chfe2s\" href=\"https:\/\/www.francebleu.fr\/infos\/politique\/municipales-2026-marine-caron-officialise-sa-candidature-a-la-mairie-de-rouen-1796176\" target=\"_blank\" rel=\"noopener\">a lanc\u00e9 officiellement sa campagne le 25 septembre 2025 dans la course \u00e0 la mairie de Rouen<\/a>, six mois avant le premier tour des \u00e9lections municipales. La Rouennaise de 35 ans, d\u00e9j\u00e0 candidate en 2020, esp\u00e8re cette fois-ci battre le maire en poste Nicolas Mayer-Rossignol.\u00a0Selon la candidate, il faut \u00ab\u00a0remettre de la s\u00e9curit\u00e9\u00a0\u00bb dans la ville de Rouen, apr\u00e8s \u00ab\u00a0dix-huit\u00a0ann\u00e9es avec la m\u00eame majorit\u00e9\u00a0\u00bb socialiste.<\/p>\n<ul>\n<li><strong>Maxime Da Silva, t\u00eate de liste LFI<\/strong><\/li>\n<\/ul>\n<p>Maxime Da Silva, membre de La France insoumise (LFI),\u00a0<a class=\"IciLink ici-link IciArticleLink g-ici-body-regular-1 underline brand svelte-1chfe2s\" href=\"https:\/\/www.francebleu.fr\/infos\/politique\/municipales-2026-a-rouen-maxime-da-silva-lfi-annonce-sa-candidature-et-lance-un-appel-aux-ecolos-et-communistes-2649648\" target=\"_blank\" rel=\"noopener\">a annonc\u00e9 le 7 novembre 2025 \u00eatre la t\u00eate de liste du collectif \u00ab\u00a0Faire mieux \u00e0 Rouen\u00a0\u00bb<\/a>, soutenu par LFI.\u00a0La t\u00eate de liste a fix\u00e9 des priorit\u00e9s, dont le r\u00e9f\u00e9rendum d&rsquo;initiative citoyenne, l&rsquo;encadrement des loyers ou encore la cantine scolaire \u00ab\u00a0gratuite, bio et locale\u00a0\u00bb. Il\u00a0a appel\u00e9 les \u00c9cologistes et les communistes (PCF) \u00e0 se rassembler derri\u00e8re lui.<\/p>\n<ul>\n<li><strong>Gr\u00e9goire Houdan, t\u00eate de liste Rassemblement national<\/strong><\/li>\n<\/ul>\n<p>Le candidat Gr\u00e9goire Houdan\u00a0<a class=\"IciLink ici-link IciArticleLink g-ici-body-regular-1 underline brand svelte-1chfe2s\" href=\"https:\/\/www.francebleu.fr\/infos\/politique\/gregoire-houdan-sera-le-candidat-rn-a-rouen-pour-les-elections-municipales-2026-6495973\" target=\"_blank\" rel=\"noopener\">a officialis\u00e9 sa candidature le 28 novembre 2025<\/a>. Il est la t\u00eate de liste du Rassemblement national et de l&rsquo;Union des droites pour la R\u00e9publique \u00e0 Rouen.\u00a0\u00ab\u00a0Je veux faire de Rouen la ville la plus s\u00fbre de France d&rsquo;ici 2032\u00a0\u00bb, a-t-il \u00e9crit dans un tweet.<\/p>\n<ul>\n<li><strong>Nicolas Mayer-Rossignol, t\u00eate de liste PS<\/strong><\/li>\n<\/ul>\n<p>L&rsquo;actuel maire PS de Rouen, Nicolas Mayer-Rossignol,\u00a0<a class=\"IciLink ici-link IciArticleLink g-ici-body-regular-1 underline brand svelte-1chfe2s\" href=\"https:\/\/www.francebleu.fr\/infos\/politique\/municipales-rouen-nicolas-mayer-rossignol-candidat-pour-un-second-mandat-a-rouen-9664633\" target=\"_blank\" rel=\"noopener\">a annonc\u00e9 \u00eatre candidat \u00e0 sa succession \u00e0 la mairie de Rouen le 7 janvier 2026<\/a>. L&rsquo;homme de 48 ans veut porter un \u00ab\u00a0projet positif et enthousiasmant\u00a0\u00bb qui d\u00e9fendra \u00ab\u00a0les valeurs de la ville de Rouen, humaniste et f\u00e9ministe, progressiste et la\u00efque\u00a0\u00bb. Il avait \u00e9t\u00e9 \u00e9lu au second tour avec 67% des voix en 2020.\u00a0Le socialiste pourra\u00a0<a class=\"IciLink ici-link IciArticleLink g-ici-body-regular-1 underline brand svelte-1chfe2s\" href=\"https:\/\/www.francebleu.fr\/infos\/politique\/municipales-a-rouen-socialistes-et-ecologistes-unis-des-le-premier-tour-derriere-nicolas-mayer-rossignol-3543435\" target=\"_blank\" rel=\"noopener\">compter sur le soutien des \u00e9cologistes, men\u00e9s par Jean-Michel Beregovoy<\/a>, mais aussi des communistes, de Place publique et de l&rsquo;\u00c9veil citoyen pour pr\u00e9senter une liste commune de la gauche rassembl\u00e9e d\u00e8s le premier tour des \u00e9lections municipales des 15 et 22 mars.<\/p>\n<p>\u00c0 lire aussi   <img decoding=\"async\" src=\"https:\/\/www.europesays.com\/fr\/wp-content\/uploads\/2026\/01\/1768319297_981_400x400.jpeg\" alt=\"\" style=\"--_image-preview:url('data:image\/jpeg;base64,\/9j\/2wBDACgcHiMeGSgjISMtKygwPGRBPDc3PHtYXUlkkYCZlo+AjIqgtObDoKrarYqMyP\/L2u71\/\/\/\/m8H\/\/\/\/6\/+b9\/\/j\/2wBDASstLTw1PHZBQXb4pYyl+Pj4+Pj4+Pj4+Pj4+Pj4+Pj4+Pj4+Pj4+Pj4+Pj4+Pj4+Pj4+Pj4+Pj4+Pj4+Pj4+Pj\/wAARCAAXACoDASIAAhEBAxEB\/8QAFwABAQEBAAAAAAAAAAAAAAAAAAECA\/\/EABgQAQEBAQEAAAAAAAAAAAAAAAABEQIS\/8QAFwEAAwEAAAAAAAAAAAAAAAAAAAECA\/\/EABYRAQEBAAAAAAAAAAAAAAAAAAABEf\/aAAwDAQACEQMRAD8ALpYlrS1Ea01jVglChi4olsc+gZqZb5AG6cxryB6T\/9k=');\" loading=\"lazy\" fetchpriority=\"low\" aria-hidden=\"true\" class=\"svelte-1cksh76 rounded\" onload=\"this.__e=event\" onerror=\"this.__e=event\"\/><\/p>\n","protected":false},"excerpt":{"rendered":"Les municipales se tiendront les 15 et 22 mars 2026. Qui sont les candidats d\u00e9clar\u00e9s ou en voie&hellip;\n","protected":false},"author":2,"featured_media":660905,"comment_status":"","ping_status":"","sticky":false,"template":"","format":"standard","meta":{"footnotes":""},"categories":[9587],"tags":[1111,11,1777,674,1011,27,12,5161,25,9590],"class_list":{"0":"post-660904","1":"post","2":"type-post","3":"status-publish","4":"format-standard","5":"has-post-thumbnail","7":"category-rouen","8":"tag-actu","9":"tag-actualites","10":"tag-eu","11":"tag-europe","12":"tag-fr","13":"tag-france","14":"tag-news","15":"tag-normandie","16":"tag-republique-francaise","17":"tag-rouen"},"share_on_mastodon":{"url":"https:\/\/pubeurope.com\/@fr\/115888580552571058","error":""},"_links":{"self":[{"href":"https:\/\/www.europesays.com\/fr\/wp-json\/wp\/v2\/posts\/660904","targetHints":{"allow":["GET"]}}],"collection":[{"href":"https:\/\/www.europesays.com\/fr\/wp-json\/wp\/v2\/posts"}],"about":[{"href":"https:\/\/www.europesays.com\/fr\/wp-json\/wp\/v2\/types\/post"}],"author":[{"embeddable":true,"href":"https:\/\/www.europesays.com\/fr\/wp-json\/wp\/v2\/users\/2"}],"replies":[{"embeddable":true,"href":"https:\/\/www.europesays.com\/fr\/wp-json\/wp\/v2\/comments?post=660904"}],"version-history":[{"count":0,"href":"https:\/\/www.europesays.com\/fr\/wp-json\/wp\/v2\/posts\/660904\/revisions"}],"wp:featuredmedia":[{"embeddable":true,"href":"https:\/\/www.europesays.com\/fr\/wp-json\/wp\/v2\/media\/660905"}],"wp:attachment":[{"href":"https:\/\/www.europesays.com\/fr\/wp-json\/wp\/v2\/media?parent=660904"}],"wp:term":[{"taxonomy":"category","embeddable":true,"href":"https:\/\/www.europesays.com\/fr\/wp-json\/wp\/v2\/categories?post=660904"},{"taxonomy":"post_tag","embeddable":true,"href":"https:\/\/www.europesays.com\/fr\/wp-json\/wp\/v2\/tags?post=660904"}],"curies":[{"name":"wp","href":"https:\/\/api.w.org\/{rel}","templated":true}]}}