{"id":660914,"date":"2026-01-13T15:54:11","date_gmt":"2026-01-13T15:54:11","guid":{"rendered":"https:\/\/www.europesays.com\/fr\/660914\/"},"modified":"2026-01-13T15:54:11","modified_gmt":"2026-01-13T15:54:11","slug":"comment-etudie-t-on-le-droit-medieval-conference-a-barr","status":"publish","type":"post","link":"https:\/\/www.europesays.com\/fr\/660914\/","title":{"rendered":"\u00ab\u00a0Comment etudie t on le droit medieval ?\u00a0\u00bb : Conference a Barr"},"content":{"rendered":"<p>\t\t\t\t\t\t\t\t\t<a href=\"https:\/\/www.dna.fr\/pour-sortir\/loisirs\/Rencontre-conference\/Conferences\/Alsace\/Bas-rhin\/Barr\/2026\/01\/20\/javascript:history.back();\" rel=\"nofollow noopener\" class=\"backToSearch\" target=\"_blank\">Retour \u00e0 la recherche<\/a><\/p>\n<p class=\"media-desc\" itemprop=\"description\">&#13;<br \/>\n\t\t\t\t\tconf\u00e9rence anim\u00e9e par Rapha\u00ebl Eckert, professeur en Histoire du droit, Universit\u00e9 de Strasbourg. Loin des clich\u00e9s persistants sur un \u00e2ge anarchique et violent, le second Moyen \u00c2ge fut un temps d\u2019intense production normative. &#13;<br \/>\n\t\t\t\t\t\t\t\t\t\t\t&#13;<br \/>\n\t\t\t\t\t\t\t\t\t\tLe droit, qu\u2019il soit enseign\u00e9 \u00e0 l\u2019universit\u00e9 ou produit et mis en \u0153uvre par l\u2019\u00c9glise comme par les structures s\u00e9culi\u00e8res, a jou\u00e9 un r\u00f4le fondamental, qu\u2019il s\u2019agisse de fixer des cadres administratifs et politiques, de les l\u00e9gitimer ou de r\u00e9guler les relations sociales. Pourtant ces textes, nombreux, et la science qui les \u00e9tudie, l\u2019histoire du droit m\u00e9di\u00e9val, demeurent m\u00e9connus. Quelles sont les sources et les ressources \u00e0 la disposition des historiens et des historiennes du droit ? Comment cette science les \u00e9tudie-t-elle, et pour quelles le\u00e7ons ?<br \/>\nUne rencontre soutenue par l\u2019Agence nationale de la recherche (ANR) dans le cadre du dispositif \u00ab\u00a0Science avec et pour la soci\u00e9t\u00e9\u00a0\u00bb. &#13;\n\t\t\t\t  <\/p>\n","protected":false},"excerpt":{"rendered":"Retour \u00e0 la recherche &#13; conf\u00e9rence anim\u00e9e par Rapha\u00ebl Eckert, professeur en Histoire du droit, Universit\u00e9 de Strasbourg.&hellip;\n","protected":false},"author":2,"featured_media":660915,"comment_status":"","ping_status":"","sticky":false,"template":"","format":"standard","meta":{"footnotes":""},"categories":[2820],"tags":[1111,11,1777,674,1011,27,775,12,25,640],"class_list":{"0":"post-660914","1":"post","2":"type-post","3":"status-publish","4":"format-standard","5":"has-post-thumbnail","7":"category-strasbourg","8":"tag-actu","9":"tag-actualites","10":"tag-eu","11":"tag-europe","12":"tag-fr","13":"tag-france","14":"tag-grand-est","15":"tag-news","16":"tag-republique-francaise","17":"tag-strasbourg"},"share_on_mastodon":{"url":"https:\/\/pubeurope.com\/@fr\/115888604098696701","error":""},"_links":{"self":[{"href":"https:\/\/www.europesays.com\/fr\/wp-json\/wp\/v2\/posts\/660914","targetHints":{"allow":["GET"]}}],"collection":[{"href":"https:\/\/www.europesays.com\/fr\/wp-json\/wp\/v2\/posts"}],"about":[{"href":"https:\/\/www.europesays.com\/fr\/wp-json\/wp\/v2\/types\/post"}],"author":[{"embeddable":true,"href":"https:\/\/www.europesays.com\/fr\/wp-json\/wp\/v2\/users\/2"}],"replies":[{"embeddable":true,"href":"https:\/\/www.europesays.com\/fr\/wp-json\/wp\/v2\/comments?post=660914"}],"version-history":[{"count":0,"href":"https:\/\/www.europesays.com\/fr\/wp-json\/wp\/v2\/posts\/660914\/revisions"}],"wp:featuredmedia":[{"embeddable":true,"href":"https:\/\/www.europesays.com\/fr\/wp-json\/wp\/v2\/media\/660915"}],"wp:attachment":[{"href":"https:\/\/www.europesays.com\/fr\/wp-json\/wp\/v2\/media?parent=660914"}],"wp:term":[{"taxonomy":"category","embeddable":true,"href":"https:\/\/www.europesays.com\/fr\/wp-json\/wp\/v2\/categories?post=660914"},{"taxonomy":"post_tag","embeddable":true,"href":"https:\/\/www.europesays.com\/fr\/wp-json\/wp\/v2\/tags?post=660914"}],"curies":[{"name":"wp","href":"https:\/\/api.w.org\/{rel}","templated":true}]}}