{"id":660916,"date":"2026-01-13T15:55:13","date_gmt":"2026-01-13T15:55:13","guid":{"rendered":"https:\/\/www.europesays.com\/fr\/660916\/"},"modified":"2026-01-13T15:55:13","modified_gmt":"2026-01-13T15:55:13","slug":"ou-trouver-la-force-par-charles-pepin-rencontre-debat-a-strasbourg","status":"publish","type":"post","link":"https:\/\/www.europesays.com\/fr\/660916\/","title":{"rendered":"\u201cOu trouver la force ?\u201d par Charles Pepin : Rencontre Debat a Strasbourg"},"content":{"rendered":"<p>\t\t\t\t\t\t\t\t\t<a href=\"https:\/\/www.dna.fr\/pour-sortir\/loisirs\/Rencontre-conference\/Debats\/Alsace\/Bas-rhin\/Strasbourg\/2026\/01\/25\/javascript:history.back();\" rel=\"nofollow noopener\" class=\"backToSearch\" target=\"_blank\">Retour \u00e0 la recherche<\/a><\/p>\n<p class=\"media-desc\" itemprop=\"description\">&#13;<br \/>\n\t\t\t\t\tPhilosophe et essayiste, Charles P\u00e9pin incarne une pens\u00e9e vivante, accessible et tourn\u00e9e vers l\u2019exp\u00e9rience humaine. Depuis pr\u00e8s de trente ans, il dialogue avec ses \u00e9l\u00e8ves, ses lecteurs et ses auditeurs autour des grandes questions qui traversent nos vies. &#13;<br \/>\n\t\t\t\t\t\t\t\t\t\t\t&#13;<br \/>\n\t\t\t\t\t\t\t\t\t\tFaut-il \u00eatre dur pour r\u00e9ussir ? Avons-nous raison de craindre la routine ? Peut-on r\u00e9ellement changer ? O\u00f9 trouver la force quand tout vacille ? Dans son travail, Charles P\u00e9pin ne s\u2019abrite jamais derri\u00e8re un savoir abstrait. Il propose au contraire un \u00e9clairage philosophique nourri de r\u00e9cits, d\u2019exemples concrets et d\u2019exp\u00e9riences personnelles, pour aider \u00e0 mieux vivre et \u00e0 mieux comprendre le monde. Lors de cette rencontre, il partagera ses r\u00e9flexions, reviendra sur les questions existentielles qui lui sont le plus souvent pos\u00e9es et \u00e9changera avec le public dans un esprit de dialogue et de transmission. Un moment inspirant, ouvert \u00e0 tous, pour penser autrement sa vie et repartir avec des cl\u00e9s concr\u00e8tes pour avancer.&#13;\n\t\t\t\t  <\/p>\n","protected":false},"excerpt":{"rendered":"Retour \u00e0 la recherche &#13; Philosophe et essayiste, Charles P\u00e9pin incarne une pens\u00e9e vivante, accessible et tourn\u00e9e vers&hellip;\n","protected":false},"author":2,"featured_media":660917,"comment_status":"","ping_status":"","sticky":false,"template":"","format":"standard","meta":{"footnotes":""},"categories":[2820],"tags":[1111,11,1777,674,1011,27,775,12,25,640],"class_list":{"0":"post-660916","1":"post","2":"type-post","3":"status-publish","4":"format-standard","5":"has-post-thumbnail","7":"category-strasbourg","8":"tag-actu","9":"tag-actualites","10":"tag-eu","11":"tag-europe","12":"tag-fr","13":"tag-france","14":"tag-grand-est","15":"tag-news","16":"tag-republique-francaise","17":"tag-strasbourg"},"share_on_mastodon":{"url":"https:\/\/pubeurope.com\/@fr\/115888607961413155","error":""},"_links":{"self":[{"href":"https:\/\/www.europesays.com\/fr\/wp-json\/wp\/v2\/posts\/660916","targetHints":{"allow":["GET"]}}],"collection":[{"href":"https:\/\/www.europesays.com\/fr\/wp-json\/wp\/v2\/posts"}],"about":[{"href":"https:\/\/www.europesays.com\/fr\/wp-json\/wp\/v2\/types\/post"}],"author":[{"embeddable":true,"href":"https:\/\/www.europesays.com\/fr\/wp-json\/wp\/v2\/users\/2"}],"replies":[{"embeddable":true,"href":"https:\/\/www.europesays.com\/fr\/wp-json\/wp\/v2\/comments?post=660916"}],"version-history":[{"count":0,"href":"https:\/\/www.europesays.com\/fr\/wp-json\/wp\/v2\/posts\/660916\/revisions"}],"wp:featuredmedia":[{"embeddable":true,"href":"https:\/\/www.europesays.com\/fr\/wp-json\/wp\/v2\/media\/660917"}],"wp:attachment":[{"href":"https:\/\/www.europesays.com\/fr\/wp-json\/wp\/v2\/media?parent=660916"}],"wp:term":[{"taxonomy":"category","embeddable":true,"href":"https:\/\/www.europesays.com\/fr\/wp-json\/wp\/v2\/categories?post=660916"},{"taxonomy":"post_tag","embeddable":true,"href":"https:\/\/www.europesays.com\/fr\/wp-json\/wp\/v2\/tags?post=660916"}],"curies":[{"name":"wp","href":"https:\/\/api.w.org\/{rel}","templated":true}]}}