{"id":660934,"date":"2026-01-13T16:06:10","date_gmt":"2026-01-13T16:06:10","guid":{"rendered":"https:\/\/www.europesays.com\/fr\/660934\/"},"modified":"2026-01-13T16:06:10","modified_gmt":"2026-01-13T16:06:10","slug":"blocus-des-parents-devant-lecole-revolution-ou-les-problemes-saccumulent","status":"publish","type":"post","link":"https:\/\/www.europesays.com\/fr\/660934\/","title":{"rendered":"blocus des parents devant l&rsquo;\u00e9cole R\u00e9volution, o\u00f9 \u00ab\u00a0les probl\u00e8mes s&rsquo;accumulent\u00a0\u00bb"},"content":{"rendered":"<p>Les probl\u00e8mes s\u2019empilent \u00e0 l\u2019\u00e9cole R\u00e9volution (3e). Alors que l\u2019\u00e9l\u00e9mentaire de Saint-Mauront a vu <a href=\"https:\/\/www.laprovence.com\/article\/region\/77817643224408\/on-sinquiete-pour-la-securite-de-nos-enfants-le-mur-de-lecole-revolution-seffondre-a-nouveau-a-marseille\" target=\"_blank\" rel=\"noopener\">un mur de sout\u00e8nement de la cour arri\u00e8re s\u2019effondrer<\/a> \u00e0 deux reprises, en novembre\u00a02024 et mars\u00a02025, et que <a href=\"https:\/\/www.laprovence.com\/article\/region\/87952385735591\/marseille-une-arme-a-feu-decouverte-devant-lecole-primaire-revolution-a-saint-mauront-3e\" target=\"_blank\" rel=\"noopener\">le point de deal voisin<\/a> engendre \u00ab\u00a0un climat tendu\u00a0\u00bb \u00e0 la sortie des classes, les \u00e9l\u00e8ves y sont d\u00e9sormais priv\u00e9s de chauffage depuis d\u00e9cembre. \u00ab\u00a0La goutte d\u2019eau\u00a0\u00bb qui a conduit les parents \u00e0 organiser un blocus ce mardi 13\u00a0janvier, \u00ab\u00a0pour alerter les \u00e9lus sur une situation devenue intenable\u00a0\u00bb.<\/p>\n<p>\u00ab\u00a0On nous avait dit que les travaux du mur seraient termin\u00e9s en novembre\u00a02025, pose Bruno, 54\u00a0ans, dont le fils est scolaris\u00e9 en CM2 \u00e0 R\u00e9volution. Aujourd\u2019hui, il n\u2019y a toujours pas de garde-corps sur la cour arri\u00e8re et ce qui doit constituer une sortie de secours pour les \u00e9l\u00e8ves est toujours condamn\u00e9. C\u2019est une question de s\u00e9curit\u00e9 pour nos enfants.\u00a0\u00bb<\/p>\n<p>Doudounes et bonnets en classe<\/p>\n<p>Un probl\u00e8me auquel s\u2019ajoute donc \u00ab\u00a0une avarie sur une chaudi\u00e8re\u00a0\u00bb, selon les services municipaux, qui prive les \u00e9l\u00e8ves de chauffage. Si la Ville a d\u00e9ploy\u00e9 22\u00a0convecteurs \u00ab\u00a0depuis le premier jour\u00a0\u00bb pour \u00ab\u00a0garantir une temp\u00e9rature suffisante dans les classes\u00a0\u00bb, ces derniers font sauter le courant, obligeant les enfants et les pers&#8230;<\/p>\n","protected":false},"excerpt":{"rendered":"Les probl\u00e8mes s\u2019empilent \u00e0 l\u2019\u00e9cole R\u00e9volution (3e). Alors que l\u2019\u00e9l\u00e9mentaire de Saint-Mauront a vu un mur de sout\u00e8nement&hellip;\n","protected":false},"author":2,"featured_media":660935,"comment_status":"","ping_status":"","sticky":false,"template":"","format":"standard","meta":{"footnotes":""},"categories":[2814],"tags":[5734,1111,11,11857,154,13413,1777,674,1011,27,4112,884,12,3306,882,25,23172,104],"class_list":{"0":"post-660934","1":"post","2":"type-post","3":"status-publish","4":"format-standard","5":"has-post-thumbnail","7":"category-marseille","8":"tag-5734","9":"tag-actu","10":"tag-actualites","11":"tag-blocus","12":"tag-des","13":"tag-devant","14":"tag-eu","15":"tag-europe","16":"tag-fr","17":"tag-france","18":"tag-lecole","19":"tag-marseille","20":"tag-news","21":"tag-parents","22":"tag-provence-alpes-cote-dazur","23":"tag-republique-francaise","24":"tag-revolution","25":"tag-societe"},"share_on_mastodon":{"url":"https:\/\/pubeurope.com\/@fr\/115888651232760869","error":""},"_links":{"self":[{"href":"https:\/\/www.europesays.com\/fr\/wp-json\/wp\/v2\/posts\/660934","targetHints":{"allow":["GET"]}}],"collection":[{"href":"https:\/\/www.europesays.com\/fr\/wp-json\/wp\/v2\/posts"}],"about":[{"href":"https:\/\/www.europesays.com\/fr\/wp-json\/wp\/v2\/types\/post"}],"author":[{"embeddable":true,"href":"https:\/\/www.europesays.com\/fr\/wp-json\/wp\/v2\/users\/2"}],"replies":[{"embeddable":true,"href":"https:\/\/www.europesays.com\/fr\/wp-json\/wp\/v2\/comments?post=660934"}],"version-history":[{"count":0,"href":"https:\/\/www.europesays.com\/fr\/wp-json\/wp\/v2\/posts\/660934\/revisions"}],"wp:featuredmedia":[{"embeddable":true,"href":"https:\/\/www.europesays.com\/fr\/wp-json\/wp\/v2\/media\/660935"}],"wp:attachment":[{"href":"https:\/\/www.europesays.com\/fr\/wp-json\/wp\/v2\/media?parent=660934"}],"wp:term":[{"taxonomy":"category","embeddable":true,"href":"https:\/\/www.europesays.com\/fr\/wp-json\/wp\/v2\/categories?post=660934"},{"taxonomy":"post_tag","embeddable":true,"href":"https:\/\/www.europesays.com\/fr\/wp-json\/wp\/v2\/tags?post=660934"}],"curies":[{"name":"wp","href":"https:\/\/api.w.org\/{rel}","templated":true}]}}