{"id":660942,"date":"2026-01-13T16:12:10","date_gmt":"2026-01-13T16:12:10","guid":{"rendered":"https:\/\/www.europesays.com\/fr\/660942\/"},"modified":"2026-01-13T16:12:10","modified_gmt":"2026-01-13T16:12:10","slug":"carte-a-cause-dimportants-travaux-la-comedie-francaise-sexile-et-va-jouer-dans-tout-paris","status":"publish","type":"post","link":"https:\/\/www.europesays.com\/fr\/660942\/","title":{"rendered":"CARTE. \u00c0 cause d&rsquo;importants travaux, la Com\u00e9die-Fran\u00e7aise s&rsquo;exile et va jouer dans tout Paris"},"content":{"rendered":"<p>                    Par<br \/>\n        <strong><br \/>\n            <a href=\"https:\/\/actu.fr\/auteur\/thomas-rideau\" title=\"Consulter tous les articles de Thomas Rideau\" target=\"_blank\" rel=\"noopener\">Thomas Rideau<\/a><br \/>\n                    <\/strong><\/p>\n<p>        Publi\u00e9 le<\/p>\n<p>            13 janv. 2026 \u00e0 16h32        <\/p>\n<p>De lourds travaux vont d\u00e9buter \u00e0 la <strong>Com\u00e9die-Fran\u00e7aise<\/strong> dans l\u2019embl\u00e9matique salle Richelieu, en plein c\u0153ur du <a href=\"https:\/\/actu.fr\/ile-de-france\/paris_75056\/video-journees-du-patrimoine-ils-prennent-tous-les-risques-sur-les-toits-de-paris_60092433.html\" target=\"_blank\" rel=\"noopener\">Palais Royal<\/a>, dans le premier arrondissement de <a href=\"https:\/\/actu.fr\/ile-de-france\/paris_75056\" target=\"_blank\" rel=\"noopener\">Paris<\/a>. Les travaux vont justement d\u00e9buter ce 16\u00a0janvier 2026. <strong>Cons\u00e9quence directe<\/strong>\u2009: aucun spectacle ne pourra se jouer dans l\u2019iconique salle cette ann\u00e9e. Au contraire, les com\u00e9diens vont jouer dans toute la capitale.<\/p>\n<p>La Com\u00e9die-Fran\u00e7aise quitte la salle Richelieu<\/p>\n<p class=\" wall-content\">\u00ab\u2009La Salle Richelieu sera ferm\u00e9e <strong>pour des travaux<\/strong> li\u00e9s \u00e0 la fois \u00e0 la r\u00e9novation de la sc\u00e8ne et \u00e0 la mise aux normes du b\u00e2timent, travaux indispensables dans un b\u00e2timent historique tel que celui-ci, qui accueille le public plus de <strong>300\u00a0jours par an\u2009<\/strong>\u00bb, indique l\u2019institution. La plus vieille troupe de th\u00e9\u00e2tre encore en activit\u00e9 va devoir d\u00e9m\u00e9nager dans Paris et Nanterre ces prochains mois.<\/p>\n<p class=\" wall-content\">En cause, notamment, le plateau de la sc\u00e8ne qui s\u2019affaisse au fil des ann\u00e9es et qui n\u2019a pas connu de r\u00e9novation depuis plus de 20\u00a0ans. La saison se jouera donc, \u00e0 partir de janvier\u00a02026, int\u00e9gralement \u00ab\u2009hors les murs\u2009\u00bb.<strong> Vingt spectacles<\/strong> qui se joueront dans une dizaine de salles dans tout Paris. Ainsi qu\u2019en bas de chez vous\u2009? On fait le point.<\/p>\n<p>    <a href=\"https:\/\/www.google.com\/maps\/d\/embed?mid=1PkXyKGyi3_X3kM_eQ2wAgtpjGMpRVwQ&amp;ehbc=2E312F\" title=\"Ouvrie le lien\" target=\"_blank\" rel=\"noopener\">Cliquez ici pour visualiser le contenu<\/a><\/p>\n<p class=\" wall-content\">Personnalisez votre actualit\u00e9 en ajoutant vos villes et m\u00e9dias en favori avec <a href=\"https:\/\/moncompte.actu.fr\" title=\"D\u00e9couvez Mon Actu\" rel=\"nofollow noopener\" data-trk=\"{&quot;cta&quot;:{&quot;action&quot;:&quot;https:\\\/\\\/moncompte.actu.fr&quot;,&quot;category&quot;:&quot;mon compte&quot;,&quot;from&quot;:&quot;article footer&quot;,&quot;name&quot;:&quot;Mon actu&quot;,&quot;type&quot;:&quot;cta&quot;}}\" target=\"_blank\">Mon Actu<\/a>.<\/p>\n","protected":false},"excerpt":{"rendered":"Par Thomas Rideau Publi\u00e9 le 13 janv. 2026 \u00e0 16h32 De lourds travaux vont d\u00e9buter \u00e0 la Com\u00e9die-Fran\u00e7aise&hellip;\n","protected":false},"author":2,"featured_media":660943,"comment_status":"","ping_status":"","sticky":false,"template":"","format":"standard","meta":{"footnotes":""},"categories":[1888],"tags":[1111,1928,11,1927,1777,674,1011,27,1652,12,1926,626,1925,2551,25,1347],"class_list":{"0":"post-660942","1":"post","2":"type-post","3":"status-publish","4":"format-standard","5":"has-post-thumbnail","7":"category-paris","8":"tag-actu","9":"tag-actu-paris","10":"tag-actualites","11":"tag-actualites-paris","12":"tag-eu","13":"tag-europe","14":"tag-fr","15":"tag-france","16":"tag-loisirs-culture","17":"tag-news","18":"tag-news-paris","19":"tag-paris","20":"tag-paris-news","21":"tag-patrimoine","22":"tag-republique-francaise","23":"tag-theatre"},"share_on_mastodon":{"url":"https:\/\/pubeurope.com\/@fr\/115888674906588565","error":""},"_links":{"self":[{"href":"https:\/\/www.europesays.com\/fr\/wp-json\/wp\/v2\/posts\/660942","targetHints":{"allow":["GET"]}}],"collection":[{"href":"https:\/\/www.europesays.com\/fr\/wp-json\/wp\/v2\/posts"}],"about":[{"href":"https:\/\/www.europesays.com\/fr\/wp-json\/wp\/v2\/types\/post"}],"author":[{"embeddable":true,"href":"https:\/\/www.europesays.com\/fr\/wp-json\/wp\/v2\/users\/2"}],"replies":[{"embeddable":true,"href":"https:\/\/www.europesays.com\/fr\/wp-json\/wp\/v2\/comments?post=660942"}],"version-history":[{"count":0,"href":"https:\/\/www.europesays.com\/fr\/wp-json\/wp\/v2\/posts\/660942\/revisions"}],"wp:featuredmedia":[{"embeddable":true,"href":"https:\/\/www.europesays.com\/fr\/wp-json\/wp\/v2\/media\/660943"}],"wp:attachment":[{"href":"https:\/\/www.europesays.com\/fr\/wp-json\/wp\/v2\/media?parent=660942"}],"wp:term":[{"taxonomy":"category","embeddable":true,"href":"https:\/\/www.europesays.com\/fr\/wp-json\/wp\/v2\/categories?post=660942"},{"taxonomy":"post_tag","embeddable":true,"href":"https:\/\/www.europesays.com\/fr\/wp-json\/wp\/v2\/tags?post=660942"}],"curies":[{"name":"wp","href":"https:\/\/api.w.org\/{rel}","templated":true}]}}