{"id":660944,"date":"2026-01-13T16:13:11","date_gmt":"2026-01-13T16:13:11","guid":{"rendered":"https:\/\/www.europesays.com\/fr\/660944\/"},"modified":"2026-01-13T16:13:11","modified_gmt":"2026-01-13T16:13:11","slug":"bts-annonce-les-dates-de-sa-tournee-mondiale-qui-passera-par-paris-en-juillet-2026","status":"publish","type":"post","link":"https:\/\/www.europesays.com\/fr\/660944\/","title":{"rendered":"BTS annonce les dates de sa tourn\u00e9e mondiale qui passera par Paris en juillet 2026"},"content":{"rendered":"<p class=\"mb-4 text-lg md:leading-8 break-words\">Ils avaient annonc\u00e9 leur retour sur sc\u00e8ne, les contours de leur tourn\u00e9e mondiale sont maintenant connus. Le boys band sud-cor\u00e9en le plus populaire au monde d\u00e9voile ce mardi 13 janvier les dates de son nouveau <a href=\"https:\/\/fr.news.yahoo.com\/nouvel-album-nombre-titres-tourn%C3%A9e-102515626.html\" data-ylk=\"slk:BTS World Tour;elm:context_link;itc:0;sec:content-canvas;outcm:mb_qualified_link;_E:mb_qualified_link;ct:story;\" class=\"link  yahoo-link\" target=\"_blank\" rel=\"noopener\">BTS World Tour<\/a>, qui d\u00e9butera \u00e0 Goyang en Cor\u00e9e-du-Sud les 9, 11 et 12 avril 2026 et s&rsquo;ach\u00e8vera \u00e0 Manille, aux Philippines, les 13 et 14 mars 2027.<\/p>\n<p class=\"mb-4 text-lg md:leading-8 break-words\">Et bonne nouvelle pour les fans fran\u00e7ais de BTS: RM, Jin, Suja, J-Hope, Jimin, V et Jung Kook seront de passage par la France, avec deux concerts au Stade de France, \u00e0 Paris, les 17 et 18 juillet 2026. La billetterie de ces deux show \u00e9v\u00e9nement ouvre samedi 24 janvier, \u00e0 15 heures.<\/p>\n<p>Retour attendu<\/p>\n<p class=\"mb-4 text-lg md:leading-8 break-words\">D\u00e9but janvier, BTS cr\u00e9ait d\u00e9j\u00e0 l&rsquo;\u00e9v\u00e9nement en <a href=\"https:\/\/fr.news.yahoo.com\/groupe-k-pop-bts-fait-113800322.html\" data-ylk=\"slk:annon\u00e7ant son grand retour;elm:context_link;itc:0;sec:content-canvas;outcm:mb_qualified_link;_E:mb_qualified_link;ct:story;\" class=\"link  yahoo-link\" target=\"_blank\" rel=\"noopener\">annon\u00e7ant son grand retour<\/a>, apr\u00e8s quatre ans d&rsquo;absence pour cause de service militaire obligatoire. Le groupe de K-Pop d\u00e9voilera son prochain album le 20 mars prochain. Si le titre n&rsquo;a pas encore \u00e9t\u00e9 d\u00e9voil\u00e9, il devrait contenir 14 morceaux in\u00e9dits.<\/p>\n<p class=\"mb-4 text-lg md:leading-8 break-words\">Les Sud-cor\u00e9ens avaient \u00e9galement annonc\u00e9 que ce nouveau projet serait l&rsquo;occasion pour eux de repartir en concert aux quatre coins du monde. Ce que confirme donc leur label BigHit Music.<\/p>\n<p class=\"mb-4 text-lg md:leading-8 break-words\"><a href=\"https:\/\/www.bfmtv.com\/people\/musique\/bts-annonce-les-dates-de-sa-tournee-mondiale-qui-passera-par-paris-en-juillet-2026_AN-202601130675.html#xtor=AL-68\" rel=\"nofollow noopener\" target=\"_blank\" data-ylk=\"slk:Article original publi\u00e9 sur BFMTV.com;elm:context_link;itc:0;sec:content-canvas\" class=\"link \">Article original publi\u00e9 sur BFMTV.com<\/a><\/p>\n","protected":false},"excerpt":{"rendered":"Ils avaient annonc\u00e9 leur retour sur sc\u00e8ne, les contours de leur tourn\u00e9e mondiale sont maintenant connus. Le boys&hellip;\n","protected":false},"author":2,"featured_media":660945,"comment_status":"","ping_status":"","sticky":false,"template":"","format":"standard","meta":{"footnotes":""},"categories":[1888],"tags":[1111,1928,11,1927,29687,76249,1777,674,1011,27,12,1926,626,1925,25],"class_list":{"0":"post-660944","1":"post","2":"type-post","3":"status-publish","4":"format-standard","5":"has-post-thumbnail","7":"category-paris","8":"tag-actu","9":"tag-actu-paris","10":"tag-actualites","11":"tag-actualites-paris","12":"tag-bts","13":"tag-concerts-au-stade-de-france","14":"tag-eu","15":"tag-europe","16":"tag-fr","17":"tag-france","18":"tag-news","19":"tag-news-paris","20":"tag-paris","21":"tag-paris-news","22":"tag-republique-francaise"},"share_on_mastodon":{"url":"https:\/\/pubeurope.com\/@fr\/115888678765873410","error":""},"_links":{"self":[{"href":"https:\/\/www.europesays.com\/fr\/wp-json\/wp\/v2\/posts\/660944","targetHints":{"allow":["GET"]}}],"collection":[{"href":"https:\/\/www.europesays.com\/fr\/wp-json\/wp\/v2\/posts"}],"about":[{"href":"https:\/\/www.europesays.com\/fr\/wp-json\/wp\/v2\/types\/post"}],"author":[{"embeddable":true,"href":"https:\/\/www.europesays.com\/fr\/wp-json\/wp\/v2\/users\/2"}],"replies":[{"embeddable":true,"href":"https:\/\/www.europesays.com\/fr\/wp-json\/wp\/v2\/comments?post=660944"}],"version-history":[{"count":0,"href":"https:\/\/www.europesays.com\/fr\/wp-json\/wp\/v2\/posts\/660944\/revisions"}],"wp:featuredmedia":[{"embeddable":true,"href":"https:\/\/www.europesays.com\/fr\/wp-json\/wp\/v2\/media\/660945"}],"wp:attachment":[{"href":"https:\/\/www.europesays.com\/fr\/wp-json\/wp\/v2\/media?parent=660944"}],"wp:term":[{"taxonomy":"category","embeddable":true,"href":"https:\/\/www.europesays.com\/fr\/wp-json\/wp\/v2\/categories?post=660944"},{"taxonomy":"post_tag","embeddable":true,"href":"https:\/\/www.europesays.com\/fr\/wp-json\/wp\/v2\/tags?post=660944"}],"curies":[{"name":"wp","href":"https:\/\/api.w.org\/{rel}","templated":true}]}}