{"id":660946,"date":"2026-01-13T16:14:12","date_gmt":"2026-01-13T16:14:12","guid":{"rendered":"https:\/\/www.europesays.com\/fr\/660946\/"},"modified":"2026-01-13T16:14:12","modified_gmt":"2026-01-13T16:14:12","slug":"brasserie-centre-de-paris-dans-le-cadre-de-son-activite-notre","status":"publish","type":"post","link":"https:\/\/www.europesays.com\/fr\/660946\/","title":{"rendered":"Brasserie \u2013 Centre de Paris Dans le cadre de son activit\u00e9, notre"},"content":{"rendered":"<p id=\"offerText\" class=\" keep-format p-0\">Brasserie \u2013 Centre de Paris&#13;<br \/>\n&#13;<br \/>\nDans le cadre de son activit\u00e9, notre brasserie situ\u00e9e au c\u0153ur de Paris recherche un(e) serveur(se) en extra pour des services ponctuels, au sein d\u2019un \u00e9tablissement \u00e0 taille humaine.&#13;<br \/>\n&#13;<br \/>\nVos missions : &#13;<br \/>\n&#8211; Accueillir et installer la client\u00e8le&#13;<br \/>\n&#8211; Prendre les commandes et assurer le service en salle&#13;<br \/>\n&#8211; Conseiller les clients sur les plats et boissons&#13;<br \/>\n&#8211; Assurer la mise en place et le d\u00e9barrassage&#13;<br \/>\n&#8211; Veiller \u00e0 la satisfaction des clients et au respect des standards de l\u2019\u00e9tablissement&#13;<br \/>\n&#13;<br \/>\nProfil recherch\u00e9 :&#13;<br \/>\n&#8211; Vous souhaitez \u00e9voluer au sein d\u2019un restaurant \u00e0 taille humaine, favorisant l\u2019esprit d\u2019\u00e9quipe&#13;<br \/>\n&#8211; Vous avez envie de vous investir et de grandir au sein d\u2019un groupe en d\u00e9veloppement&#13;<br \/>\n&#8211; Exp\u00e9rience en restauration\/brasserie appr\u00e9ci\u00e9e&#13;<br \/>\n&#8211; Bonne pr\u00e9sentation, excellent relationnel, dynamisme et rigueur&#13;<br \/>\n&#8211; La ma\u00eetrise de l\u2019anglais est un plus&#13;<br \/>\n&#13;<br \/>\nConditions :&#13;<br \/>\nContrat : CDI&#13;<br \/>\nLieu : Paris centre&#13;<br \/>\nR\u00e9mun\u00e9ration : selon profil et exp\u00e9rience&#13;<br \/>\nRepas inclus selon le service&#13;<br \/>\n&#13;<br \/>\n&#13;<br \/>\n?? Pour postuler : merci d\u2019envoyer votre CV ou de vous pr\u00e9senter directement \u00e0 la brasserie.<\/p>\n","protected":false},"excerpt":{"rendered":"Brasserie \u2013 Centre de Paris&#13; &#13; Dans le cadre de son activit\u00e9, notre brasserie situ\u00e9e au c\u0153ur de&hellip;\n","protected":false},"author":2,"featured_media":3470,"comment_status":"","ping_status":"","sticky":false,"template":"","format":"standard","meta":{"footnotes":""},"categories":[1888],"tags":[11,1777,674,1011,27,12,626,25],"class_list":{"0":"post-660946","1":"post","2":"type-post","3":"status-publish","4":"format-standard","5":"has-post-thumbnail","7":"category-paris","8":"tag-actualites","9":"tag-eu","10":"tag-europe","11":"tag-fr","12":"tag-france","13":"tag-news","14":"tag-paris","15":"tag-republique-francaise"},"share_on_mastodon":{"url":"https:\/\/pubeurope.com\/@fr\/115888682651950257","error":""},"_links":{"self":[{"href":"https:\/\/www.europesays.com\/fr\/wp-json\/wp\/v2\/posts\/660946","targetHints":{"allow":["GET"]}}],"collection":[{"href":"https:\/\/www.europesays.com\/fr\/wp-json\/wp\/v2\/posts"}],"about":[{"href":"https:\/\/www.europesays.com\/fr\/wp-json\/wp\/v2\/types\/post"}],"author":[{"embeddable":true,"href":"https:\/\/www.europesays.com\/fr\/wp-json\/wp\/v2\/users\/2"}],"replies":[{"embeddable":true,"href":"https:\/\/www.europesays.com\/fr\/wp-json\/wp\/v2\/comments?post=660946"}],"version-history":[{"count":0,"href":"https:\/\/www.europesays.com\/fr\/wp-json\/wp\/v2\/posts\/660946\/revisions"}],"wp:featuredmedia":[{"embeddable":true,"href":"https:\/\/www.europesays.com\/fr\/wp-json\/wp\/v2\/media\/3470"}],"wp:attachment":[{"href":"https:\/\/www.europesays.com\/fr\/wp-json\/wp\/v2\/media?parent=660946"}],"wp:term":[{"taxonomy":"category","embeddable":true,"href":"https:\/\/www.europesays.com\/fr\/wp-json\/wp\/v2\/categories?post=660946"},{"taxonomy":"post_tag","embeddable":true,"href":"https:\/\/www.europesays.com\/fr\/wp-json\/wp\/v2\/tags?post=660946"}],"curies":[{"name":"wp","href":"https:\/\/api.w.org\/{rel}","templated":true}]}}