{"id":660947,"date":"2026-01-13T16:15:13","date_gmt":"2026-01-13T16:15:13","guid":{"rendered":"https:\/\/www.europesays.com\/fr\/660947\/"},"modified":"2026-01-13T16:15:13","modified_gmt":"2026-01-13T16:15:13","slug":"la-cheffe-du-rassemblement-national-marine-le-pen-est-rejugee-a-paris-un-proces-en-appel-decisif-pour-la-presidentielle-en-france-de-2027","status":"publish","type":"post","link":"https:\/\/www.europesays.com\/fr\/660947\/","title":{"rendered":"La cheffe du Rassemblement national, Marine Le Pen, est rejug\u00e9e \u00e0 Paris, un proc\u00e8s en appel d\u00e9cisif pour la pr\u00e9sidentielle en France de 2027"},"content":{"rendered":"<p>Devant une salle comble, le proc\u00e8s en appel de la patronne de l\u2019extr\u00eame droite fran\u00e7aise Marine Le Pen et de son parti le Rassemblement national a d\u00e9but\u00e9 mardi \u00e0 Paris, ouvrant un mois d\u2019une audience d\u00e9cisive pour sa candidature \u00e0 la pr\u00e9sidentielle de 2027.<\/p>\n<p>En veste bleu nuit et chemisier rose, la d\u00e9put\u00e9e de 57\u00a0ans a fait son entr\u00e9e accompagn\u00e9e de ses deux avocats vers 12\u00a0h\u00a010 GMT sous les boiseries de la premi\u00e8re chambre du palais de justice de Paris, au c\u0153ur de la capitale fran\u00e7aise, une vingtaine de minutes avant l\u2019ouverture du proc\u00e8s.<\/p>\n<p>Pour cette audience \u00e0 hauts enjeux politiques o\u00f9 11  personnes et le parti seront jug\u00e9s jusqu\u2019au 11\u00a0f\u00e9vrier, des centaines de journalistes du monde entier ont fait le pied de grue, depuis le petit matin pour certains, dans les galeries de la cour d\u2019appel. La d\u00e9cision devrait \u00eatre rendue \u00e0 l\u2019\u00e9t\u00e9.<\/p>\n<p>Au moment o\u00f9 l\u2019extr\u00eame droite a le vent en poupe, avec le nombre sans pr\u00e9c\u00e9dent de 120 d\u00e9put\u00e9s Rassemblement national (ex-FN) \u00e0 l\u2019Assembl\u00e9e, Marine Le Pen, rattrap\u00e9e par les pratiques des ann\u00e9es de vaches maigres du parti, pourrait voir sa quatri\u00e8me candidature \u00e0 l\u2019\u00c9lys\u00e9e emp\u00each\u00e9e par la justice et devoir c\u00e9der la place \u00e0 son poulain Jordan Bardella.<\/p>\n<p>\u00ab\u00a0J\u2019esp\u00e8re pouvoir \u00eatre entendue par la cour d\u2019appel\u00a0\u00bb, a-t-elle gliss\u00e9 dans la matin\u00e9e avant une r\u00e9union de son groupe parlementaire, se disant \u00ab\u00a0dans un \u00e9tat esprit d\u2019esp\u00e9rance, en quelque sorte\u2026\u00a0\u00bb.<\/p>\n<p>La triple candidate malheureuse \u00e0 l\u2019\u00c9lys\u00e9e a \u00e9t\u00e9 condamn\u00e9e pour d\u00e9tournement de fonds publics le 31\u00a0mars 2025 par le tribunal correctionnel de Paris \u00e0 quatre ans d\u2019emprisonnement dont deux ferme sous bracelet \u00e9lectronique, 100\u00a0000\u00a0euros d\u2019amende et, surtout, cinq ans d\u2019in\u00e9ligibilit\u00e9 avec ex\u00e9cution provisoire, c\u2019est-\u00e0-dire imm\u00e9diate, qui l\u2019emp\u00eache \u00e0 date de concourir \u00e0 la pr\u00e9sidentielle. Elle encourt 10\u00a0ans d\u2019emprisonnement.<\/p>\n<p>Les juges de premi\u00e8re instance l\u2019ont reconnue coupable d\u2019avoir mis en place un \u00ab\u00a0syst\u00e8me\u00a0\u00bb entre 2004 et 2016 de captation des enveloppes vers\u00e9es par le Parlement europ\u00e9en aux eurod\u00e9put\u00e9s, destin\u00e9es \u00e0 r\u00e9mun\u00e9rer leurs assistants dans le cadre de leurs fonctions \u00e0 Bruxelles et Strasbourg.<\/p>\n<p> Image d\u00e9grad\u00e9e dans l\u2019opinion<\/p>\n<p>Pour l\u2019accusation, lesdits assistants travaillaient en r\u00e9alit\u00e9 pour le seul parti Front national (FN, devenu RN) ou leurs dirigeants.<\/p>\n<p>\u00ab\u00a0Il y a une r\u00e8gle intangible qui a toujours \u00e9t\u00e9 l\u00e0, c\u2019est que les fonds qui sont vers\u00e9s \u00e0 l\u2019assistant parlementaire, c\u2019est pour le d\u00e9put\u00e9, c\u2019est pas pour le parti. Cette r\u00e8gle-l\u00e0 a toujours exist\u00e9\u00a0\u00bb, a rappel\u00e9 l\u2019avocat en partie civile du Parlement europ\u00e9en, Me Patrick Maisonneuve.<\/p>\n<p>Le tribunal a \u00e9tabli le pr\u00e9judice \u00e0 3,2\u00a0millions d\u2019euros, une fois d\u00e9duit 1,1\u00a0million d\u2019euros d\u00e9j\u00e0 rembours\u00e9s par une partie des pr\u00e9venus \u2014 ils \u00e9taient 25 en premi\u00e8re instance, douze ont renonc\u00e9 \u00e0 faire appel malgr\u00e9 leur condamnation, dont la propre s\u0153ur de Marine Le Pen, Yann Le Pen.<\/p>\n<p>Si Marine Le Pen n\u2019a pas abandonn\u00e9 l\u2019espoir d\u2019\u00eatre relax\u00e9e, une d\u00e9claration de culpabilit\u00e9 n\u2019ob\u00e9rerait pas sa possibilit\u00e9 de concourir \u00e0 la pr\u00e9sidentielle de 2027 mais \u00e0 une double condition\u00a0: qu\u2019une \u00e9ventuelle peine d\u2019in\u00e9ligibilit\u00e9 soit inf\u00e9rieure \u00e0 deux ans et que les magistrats renoncent \u00e0 la condamner au port d\u2019un bracelet \u00e9lectronique, per\u00e7u comme incompatible avec la possibilit\u00e9 de mener une campagne.<\/p>\n<p>Elle a quoi qu\u2019il en soit indiqu\u00e9 que la seule d\u00e9cision de la cour d\u2019appel d\u00e9terminera son avenir, sans attendre une \u00e9ventuelle d\u00e9cision de la Cour de cassation, la plus haute juridiction fran\u00e7aise \u2014 bien que cette derni\u00e8re entende se prononcer, si elle devait \u00eatre saisie, avant l\u2019\u00e9ch\u00e9ance pr\u00e9sidentielle.<\/p>\n<p>Neuf mois apr\u00e8s sa condamnation, Marine Le Pen a d\u00e9j\u00e0 vu son image se d\u00e9grader dans l\u2019opinion, l\u2019id\u00e9e d\u2019une candidature de substitution de Jordan Bardella, actuel pr\u00e9sident du RN, \u00e0 l\u2019\u00c9lys\u00e9e s\u2019\u00e9tant peu \u00e0 peu impos\u00e9e comme la plus probable.<\/p>\n<p>Qu\u2019importe\u00a0: cet automne, Marine Le Pen avait pris la peine de rappeler qu\u2019il \u00e9tait \u00ab\u00a0s\u00fbr et certain\u00a0\u00bb qu\u2019elle briguerait \u00e0 nouveau l\u2019\u00c9lys\u00e9e si elle pouvait \u00eatre candidate. Tout en reconnaissant que, \u00e0 d\u00e9faut, \u00ab\u00a0Jordan Bardella peut gagner \u00e0 ma place\u00a0\u00bb.<\/p>\n","protected":false},"excerpt":{"rendered":"Devant une salle comble, le proc\u00e8s en appel de la patronne de l\u2019extr\u00eame droite fran\u00e7aise Marine Le Pen&hellip;\n","protected":false},"author":2,"featured_media":660948,"comment_status":"","ping_status":"","sticky":false,"template":"","format":"standard","meta":{"footnotes":""},"categories":[1888],"tags":[11,1777,674,1011,27,12,626,25],"class_list":{"0":"post-660947","1":"post","2":"type-post","3":"status-publish","4":"format-standard","5":"has-post-thumbnail","7":"category-paris","8":"tag-actualites","9":"tag-eu","10":"tag-europe","11":"tag-fr","12":"tag-france","13":"tag-news","14":"tag-paris","15":"tag-republique-francaise"},"share_on_mastodon":{"url":"https:\/\/pubeurope.com\/@fr\/115888686594538377","error":""},"_links":{"self":[{"href":"https:\/\/www.europesays.com\/fr\/wp-json\/wp\/v2\/posts\/660947","targetHints":{"allow":["GET"]}}],"collection":[{"href":"https:\/\/www.europesays.com\/fr\/wp-json\/wp\/v2\/posts"}],"about":[{"href":"https:\/\/www.europesays.com\/fr\/wp-json\/wp\/v2\/types\/post"}],"author":[{"embeddable":true,"href":"https:\/\/www.europesays.com\/fr\/wp-json\/wp\/v2\/users\/2"}],"replies":[{"embeddable":true,"href":"https:\/\/www.europesays.com\/fr\/wp-json\/wp\/v2\/comments?post=660947"}],"version-history":[{"count":0,"href":"https:\/\/www.europesays.com\/fr\/wp-json\/wp\/v2\/posts\/660947\/revisions"}],"wp:featuredmedia":[{"embeddable":true,"href":"https:\/\/www.europesays.com\/fr\/wp-json\/wp\/v2\/media\/660948"}],"wp:attachment":[{"href":"https:\/\/www.europesays.com\/fr\/wp-json\/wp\/v2\/media?parent=660947"}],"wp:term":[{"taxonomy":"category","embeddable":true,"href":"https:\/\/www.europesays.com\/fr\/wp-json\/wp\/v2\/categories?post=660947"},{"taxonomy":"post_tag","embeddable":true,"href":"https:\/\/www.europesays.com\/fr\/wp-json\/wp\/v2\/tags?post=660947"}],"curies":[{"name":"wp","href":"https:\/\/api.w.org\/{rel}","templated":true}]}}