{"id":660953,"date":"2026-01-13T16:18:17","date_gmt":"2026-01-13T16:18:17","guid":{"rendered":"https:\/\/www.europesays.com\/fr\/660953\/"},"modified":"2026-01-13T16:18:17","modified_gmt":"2026-01-13T16:18:17","slug":"a-choisir-entre-les-usa-et-le-danemark-nous-choisissons-le-danemark-dit-le-pm-du-groenland-13-01-2026-a-1710","status":"publish","type":"post","link":"https:\/\/www.europesays.com\/fr\/660953\/","title":{"rendered":"A choisir entre les USA et le Danemark, \u00ab\u00a0nous choisissons le Danemark\u00a0\u00bb, dit le PM du Groenland &#8211; 13\/01\/2026 \u00e0 17:10"},"content":{"rendered":"<p>\n (Actualis\u00e9 avec Premier ministre groenlandais)\n<\/p>\n<p>\n Le Groenland restera partie int\u00e9grante du Danemark s&rsquo;il doit<br \/>\nfaire le choix d&rsquo;une appartenance au royaume scandinave ou aux<br \/>\nEtats-Unis, a r\u00e9affirm\u00e9 mardi le Premier ministre du territoire<br \/>\nautonome, Jens-Frederik Nielsen.\n<\/p>\n<p>\n Le ministre danois des Affaires \u00e9trang\u00e8res Lars Lokke<br \/>\nRasmussen et son homologue du Groenland Vivian Motzfeldt sont<br \/>\nattendus mercredi \u00e0 Washington pour des discussions avec le<br \/>\nvice-pr\u00e9sident am\u00e9ricain J.D. Vance et le secr\u00e9taire d&rsquo;Etat<br \/>\nMarco Rubio.\n<\/p>\n<p>\n Les deux diplomates avaient sollicit\u00e9 une entrevue face aux<br \/>\nvis\u00e9es de Donald Trump sur le Groenland, un territoire autonome<br \/>\ndu Royaume du Danemark, que le pr\u00e9sident am\u00e9ricain convoitait<br \/>\nd\u00e9j\u00e0 lors de son premier mandat. Les Etats-Unis poss\u00e8dent une<br \/>\nbase militaire sur cette \u00eele de 57.000 habitants, en vertu d&rsquo;un<br \/>\naccord de 1951.\n<\/p>\n<p>\n \u00ab\u00a0Nous sommes face \u00e0 une crise g\u00e9opolitique, et si nous avons<br \/>\n\u00e0 choisir entre les Etats-Unis et le Danemark ici et maintenant,<br \/>\nnous choisissons le Danemark\u00a0\u00bb, a d\u00e9clar\u00e9 le Premier ministre du<br \/>\nGroenland lors d&rsquo;une conf\u00e9rence de presse commune \u00e0 Copenhague<br \/>\navec la Premi\u00e8re ministre danoise Mette Frederiksen. \u00ab\u00a0Nous nous<br \/>\ntenons unis avec le Royaume du Danemark.\u00a0\u00bb\n<\/p>\n<p>\n Les responsables de la Maison blanche ont \u00e9voqu\u00e9 divers<br \/>\nplans visant \u00e0 placer le Groenland sous le contr\u00f4le des<br \/>\n\u00c9tats-Unis, y compris le recours potentiel \u00e0 l&rsquo;arm\u00e9e am\u00e9ricaine<br \/>\net des paiements forfaitaires aux Groenlandais pour les<br \/>\nconvaincre de quitter le Danemark et de rejoindre<br \/>\npotentiellement les \u00c9tats-Unis.\n<\/p>\n<p>\n \u00ab\u00a0Conclure un accord, c&rsquo;est le plus facile, mais d&rsquo;une<br \/>\nmani\u00e8re ou d&rsquo;une autre nous allons avoir le Groenland\u00a0\u00bb, a<br \/>\nd\u00e9clar\u00e9 dimanche le pr\u00e9sident am\u00e9ricain \u00e0 des journalistes, \u00e0<br \/>\nbord d&rsquo;Air Force One.\n<\/p>\n<p>\n (Reportage Soren Jeppesen et Stine Jacobsen, version fran\u00e7aise<br \/>\nSophie Louet, \u00e9dit\u00e9 par Blandine H\u00e9nault)<\/p>\n","protected":false},"excerpt":{"rendered":"(Actualis\u00e9 avec Premier ministre groenlandais) Le Groenland restera partie int\u00e9grante du Danemark s&rsquo;il doit faire le choix d&rsquo;une&hellip;\n","protected":false},"author":2,"featured_media":2486,"comment_status":"","ping_status":"","sticky":false,"template":"","format":"standard","meta":{"footnotes":""},"categories":[1589],"tags":[400,11,398,408,405,73,1866,403,402,399,404,12,401,406,1864,1865,1863,308,407],"class_list":{"0":"post-660953","1":"post","2":"type-post","3":"status-publish","4":"format-standard","5":"has-post-thumbnail","7":"category-etats-unis","8":"tag-action-cac-40","9":"tag-actualites","10":"tag-bourse-de-paris","11":"tag-boursorama","12":"tag-cotations","13":"tag-etats-unis","14":"tag-etats-unis-damerique","15":"tag-indices-devises","16":"tag-investir","17":"tag-investissement","18":"tag-marche-boursier","19":"tag-news","20":"tag-sicav","21":"tag-trackers","22":"tag-united-states","23":"tag-united-states-of-america","24":"tag-us","25":"tag-usa","26":"tag-warrants"},"share_on_mastodon":{"url":"https:\/\/pubeurope.com\/@fr\/115888698662445476","error":""},"_links":{"self":[{"href":"https:\/\/www.europesays.com\/fr\/wp-json\/wp\/v2\/posts\/660953","targetHints":{"allow":["GET"]}}],"collection":[{"href":"https:\/\/www.europesays.com\/fr\/wp-json\/wp\/v2\/posts"}],"about":[{"href":"https:\/\/www.europesays.com\/fr\/wp-json\/wp\/v2\/types\/post"}],"author":[{"embeddable":true,"href":"https:\/\/www.europesays.com\/fr\/wp-json\/wp\/v2\/users\/2"}],"replies":[{"embeddable":true,"href":"https:\/\/www.europesays.com\/fr\/wp-json\/wp\/v2\/comments?post=660953"}],"version-history":[{"count":0,"href":"https:\/\/www.europesays.com\/fr\/wp-json\/wp\/v2\/posts\/660953\/revisions"}],"wp:featuredmedia":[{"embeddable":true,"href":"https:\/\/www.europesays.com\/fr\/wp-json\/wp\/v2\/media\/2486"}],"wp:attachment":[{"href":"https:\/\/www.europesays.com\/fr\/wp-json\/wp\/v2\/media?parent=660953"}],"wp:term":[{"taxonomy":"category","embeddable":true,"href":"https:\/\/www.europesays.com\/fr\/wp-json\/wp\/v2\/categories?post=660953"},{"taxonomy":"post_tag","embeddable":true,"href":"https:\/\/www.europesays.com\/fr\/wp-json\/wp\/v2\/tags?post=660953"}],"curies":[{"name":"wp","href":"https:\/\/api.w.org\/{rel}","templated":true}]}}