{"id":660958,"date":"2026-01-13T16:21:15","date_gmt":"2026-01-13T16:21:15","guid":{"rendered":"https:\/\/www.europesays.com\/fr\/660958\/"},"modified":"2026-01-13T16:21:15","modified_gmt":"2026-01-13T16:21:15","slug":"audiences-radio-france-inter-et-franceinfo-chutent-europe-1-progresse","status":"publish","type":"post","link":"https:\/\/www.europesays.com\/fr\/660958\/","title":{"rendered":"Audiences radio : France Inter et Franceinfo chutent, Europe\u202f1 progresse"},"content":{"rendered":"<p><a href=\"https:\/\/www.mediametrie.fr\/system\/files\/2026-01\/C1%20O%20COM%20-%202026%2001%2012%20CP%20EAR%20National%20ND25.pdf\" target=\"_blank\" rel=\"noopener\">M\u00e9diam\u00e9trie<\/a> a publi\u00e9 ce mardi 13 janvier les r\u00e9sultats d\u2019audience des radios pour la p\u00e9riode novembre-d\u00e9cembre 2025. Ces scores sont toujours tr\u00e8s attendus par les stations et leurs intervenants \u00e0 l\u2019antenne car ils t\u00e9moignent de l\u2019\u00e9tat de sant\u00e9 des m\u00e9dias et des \u00e9missions.<\/p>\n<p>Quelle a donc \u00e9t\u00e9 la station la plus en forme durant les deux derniers mois de l\u2019ann\u00e9e 2025\u202f? Il s\u2019agit de France Inter. Le vaisseau amiral du groupe Radio France est largement en t\u00eate du classement avec ses 7,1 millions d\u2019auditeurs quotidiens (14,3\u202f% de parts de march\u00e9). <a href=\"https:\/\/www.bvoltaire.fr\/medias-affaire-legrand-cohen-la-gauche-prise-a-son-propre-piege\/\" target=\"_blank\" rel=\"noopener\">L\u2019affaire Legrand et Cohen<\/a> a visiblement eu un impact mineur sur la station, m\u00eame si elle a perdu pr\u00e8s de 300.000 auditeurs par rapport \u00e0 la m\u00eame p\u00e9riode en 2024.<\/p>\n<p>France Inter, un leader en perte de vitesse<\/p>\n<p>Une marche du podium plus bas, RTL et Franceinfo sont ex \u00e6quo avec 4,8 millions d&rsquo;auditeurs s\u00e9duits quotidiennement, mais les deux stations accusent une perte d\u2019audience importante en un an. RTL a laiss\u00e9 filer 170.000 fid\u00e8les tandis que Franceinfo prend la t\u00eate des radios ayant perdu le plus d\u2019auditeurs en un an avec plus de 400.000 d\u00e9parts. Pour la station qui a largement revu <a href=\"https:\/\/www.radioactu.com\/france-info-muscle-sa-grille-et-sort-de-ses-studios\/\" target=\"_blank\" rel=\"noopener\">sa grille \u00e0 la rentr\u00e9e 2025<\/a> et a enregistr\u00e9 des arriv\u00e9es de renom, c\u2019est la douche froide.<\/p>\n<p>Viennent ensuite RMC et ses 2,9 millions d\u2019adeptes et Europe\u202f1, qui r\u00e9unit chaque jour 2,8 millions d\u2019auditeurs. Au rayon des stations g\u00e9n\u00e9ralistes, seul le m\u00e9dia du groupe Bollor\u00e9 fait un meilleur score qu\u2019il y a un an. Gr\u00e2ce \u00e0 Pascal Praud, Christine Kelly, Sonia Mabrouk et \u00e9videmment Gabrielle Cluzel, elle gagne 145.000 fid\u00e8les. Europe\u202f1 peut \u00e9galement se f\u00e9liciter d\u2019avoir, sur toutes les p\u00e9riodes de l\u2019ann\u00e9e, vu son nombre d\u2019auditeurs augmenter par rapport \u00e0 2024.<\/p>\n<p>Comme \u00e9crit plus haut, toutes les stations, autant qu\u2019elles sont, sont tr\u00e8s attentives \u00e0 ces r\u00e9sultats. Ils leur permettent d\u2019ajuster leur programmation, de vendre de la publicit\u00e9 et, pour le service public, de justifier leur budget. Ils sont aussi un excellent barom\u00e8tre politique. Comme les scores des cha\u00eenes de t\u00e9l\u00e9vision, les chiffres des ventes des journaux ou le nombre de pages vues sur les sites, ces chiffres sont un bon indicateur en mati\u00e8re de penchant ; ils permettent de voir si, \u00e0 l\u2019instant T, la population fran\u00e7aise est plus sensible \u00e0 tel ou tel discours. Les audiences donnent une tendance.<\/p>\n<p>Europe 1, la droite qui monte<\/p>\n<p>\u00c9videmment, gr\u00e2ce \u00e0 ses tr\u00e8s grands moyens (l\u2019argent des Fran\u00e7ais), le service public domine le classement, mais force est de constater que le socle de fid\u00e8les de France Inter, une station qui devrait \u00eatre neutre mais qui penche cruellement vers la gauche, s\u2019\u00e9rode, tandis qu\u2019Europe\u202f1, droite et fi\u00e8re, gagne du terrain. Preuve que les Fran\u00e7ais sont de plus en plus nombreux \u00e0 adh\u00e9rer aux id\u00e9es de la droite\u202f?<\/p>\n<p>Cela se peut, mais il convient de temp\u00e9rer, car l\u2019\u00e9coute de la radio ne concerne pas l\u2019ensemble de la population. Sur la p\u00e9riode novembre-d\u00e9cembre 2025, 37,8\u202fmillions de Fran\u00e7ais de plus de 13 ans ont \u00e9cout\u00e9 quotidiennement une ou plusieurs stations, sur les pr\u00e8s de 55\u202fmillions que compte la France. Quelque 17\u202fmillions boudent les ondes, mais peut-\u00eatre pas les urnes.<\/p>\n<p>                    <a href=\"#\" rel=\"nofollow\" onclick=\"window.print(); pfTrackEvent('Audiences radio : France Inter et Franceinfo chutent, Europe\u202f1 progresse'); return false;\" title=\"Printer Friendly, PDF &amp; Email\"><br \/>\n                    <img decoding=\"async\" src=\"https:\/\/www.europesays.com\/fr\/wp-content\/uploads\/2025\/04\/printfriendly-icon-sm.png\" alt=\"Print Friendly, PDF &amp; Email\" class=\"pf-button-img\" style=\"width: 17px;height: 17px;\"\/>Imprimer, enregistrer en PDF cet article<br \/>\n                    <\/a><\/p>\n","protected":false},"excerpt":{"rendered":"M\u00e9diam\u00e9trie a publi\u00e9 ce mardi 13 janvier les r\u00e9sultats d\u2019audience des radios pour la p\u00e9riode novembre-d\u00e9cembre 2025. Ces&hellip;\n","protected":false},"author":2,"featured_media":660959,"comment_status":"","ping_status":"","sticky":false,"template":"","format":"standard","meta":{"footnotes":""},"categories":[1586],"tags":[11,1777,674,1011,27,12,25],"class_list":{"0":"post-660958","1":"post","2":"type-post","3":"status-publish","4":"format-standard","5":"has-post-thumbnail","7":"category-europe","8":"tag-actualites","9":"tag-eu","10":"tag-europe","11":"tag-fr","12":"tag-france","13":"tag-news","14":"tag-republique-francaise"},"share_on_mastodon":{"url":"https:\/\/pubeurope.com\/@fr\/115888710334967766","error":""},"_links":{"self":[{"href":"https:\/\/www.europesays.com\/fr\/wp-json\/wp\/v2\/posts\/660958","targetHints":{"allow":["GET"]}}],"collection":[{"href":"https:\/\/www.europesays.com\/fr\/wp-json\/wp\/v2\/posts"}],"about":[{"href":"https:\/\/www.europesays.com\/fr\/wp-json\/wp\/v2\/types\/post"}],"author":[{"embeddable":true,"href":"https:\/\/www.europesays.com\/fr\/wp-json\/wp\/v2\/users\/2"}],"replies":[{"embeddable":true,"href":"https:\/\/www.europesays.com\/fr\/wp-json\/wp\/v2\/comments?post=660958"}],"version-history":[{"count":0,"href":"https:\/\/www.europesays.com\/fr\/wp-json\/wp\/v2\/posts\/660958\/revisions"}],"wp:featuredmedia":[{"embeddable":true,"href":"https:\/\/www.europesays.com\/fr\/wp-json\/wp\/v2\/media\/660959"}],"wp:attachment":[{"href":"https:\/\/www.europesays.com\/fr\/wp-json\/wp\/v2\/media?parent=660958"}],"wp:term":[{"taxonomy":"category","embeddable":true,"href":"https:\/\/www.europesays.com\/fr\/wp-json\/wp\/v2\/categories?post=660958"},{"taxonomy":"post_tag","embeddable":true,"href":"https:\/\/www.europesays.com\/fr\/wp-json\/wp\/v2\/tags?post=660958"}],"curies":[{"name":"wp","href":"https:\/\/api.w.org\/{rel}","templated":true}]}}