{"id":660960,"date":"2026-01-13T16:22:14","date_gmt":"2026-01-13T16:22:14","guid":{"rendered":"https:\/\/www.europesays.com\/fr\/660960\/"},"modified":"2026-01-13T16:22:14","modified_gmt":"2026-01-13T16:22:14","slug":"la-france-veut-obliger-lukraine-a-acheter-des-armes-europeennes-avec-le-pret-de-90-milliards-de-lue-et-se-querelle-avec-lallemagne-qui-tolere-les-armes-americaines","status":"publish","type":"post","link":"https:\/\/www.europesays.com\/fr\/660960\/","title":{"rendered":"La France veut obliger l&rsquo;Ukraine \u00e0 acheter des armes europ\u00e9ennes avec le pr\u00eat de 90 milliards de l&rsquo;UE, et se querelle avec l&rsquo;Allemagne qui tol\u00e8re les armes am\u00e9ricaines"},"content":{"rendered":"<p>Le r\u00e9armement acc\u00e9l\u00e9r\u00e9 des Europ\u00e9ens, massivement tourn\u00e9 vers les \u00e9quipements am\u00e9ricains, a ouvert une fracture majeure au sein de l\u2019UE, o\u00f9 la France d\u00e9fend une pr\u00e9f\u00e9rence industrielle europ\u00e9enne pour l\u2019utilisation du pr\u00eat commun de 90 milliards d\u2019euros \u00e0 l\u2019Ukraine, tandis que l\u2019Allemagne et les Pays-Bas plaident pour laisser Kiev libre d\u2019acheter des armes am\u00e9ricaines au nom de l\u2019urgence militaire.<\/p>\n<p>Les Pays-Bas qui ach\u00e8tent des missiles Patriot,<a href=\"https:\/\/www.bfmtv.com\/economie\/entreprises\/defense\/le-danemark-annonce-acheter-16-nouveaux-avions-de-combat-americains-f-35_AD-202510100714.html\" title=\"Malgr\u00e9 les relations tendues avec Trump sur le Groenland, le Danemark annonce acheter 16 nouveaux avions de combat am\u00e9ricains F-35\" class=\"internal_link\" target=\"_blank\" rel=\"noopener\"> le Danemark qui renouvelle sa flotte avec des F-35<\/a>, tout comme l&rsquo;Allemagne qui s&rsquo;est par ailleurs engag\u00e9e \u00e0 financer un package d\u2019armes am\u00e9ricaines pour l\u2019Ukraine ou encore la Finlande qui a rejoint l\u2019initiative OTAN pour financer l\u2019achat de mat\u00e9riel am\u00e9ricain destin\u00e9 \u00e0 l\u2019Ukraine.<\/p>\n<p>En 2025, les Europ\u00e9ens se sont r\u00e9arm\u00e9s \u00e0 vitesse grand V et c&rsquo;est tr\u00e8s souvent du c\u00f4t\u00e9 de Washington que les pays de l&rsquo;UE ont pass\u00e9 commande. Ce qui agace passablement la France.<\/p>\n<p>Et c&rsquo;est dans ce contexte qu&rsquo;une nouvelle ligne de fracture majeure vient de s&rsquo;ouvrir au sein de l\u2019Union europ\u00e9enne. On rappelle que <a href=\"https:\/\/www.bfmtv.com\/international\/europe\/ukraine\/guerre-en-ukraine-l-ue-promet-a-kiev-90-milliards-d-euros-pour-financer-l-effort-de-guerre-pas-d-accord-sur-l-utilisation-des-avoirs-russes_AD-202512190123.html\" title=\"Guerre en Ukraine: l&#039;UE promet \u00e0 Kiev 90 milliards d&#039;euros pour financer l&#039;effort de guerre, pas d&#039;accord sur l&#039;utilisation des avoirs russes\" class=\"internal_link\" target=\"_blank\" rel=\"noopener\">les Europ\u00e9ens ont d\u00e9cid\u00e9 en d\u00e9cembre dernier<\/a> de financer l&rsquo;effort de guerre de l&rsquo;Ukraine pendant au moins deux ans, via un emprunt en commun de 90 milliards d&rsquo;euros, et sans recours <strong><a href=\"https:\/\/www.bfmtv.com\/economie\/international\/giorgia-meloni-est-d-accord-pour-que-les-avoirs-russes-financent-l-ukraine-mais-aimerait-savoir-ce-que-risque-l-europe-en-termes-de-represailles_AD-202512170610.html\" title=\"Giorgia Meloni est d&#039;accord pour que les avoirs russes financent l&#039;Ukraine mais aimerait savoir ce que risque l&#039;Europe en termes de repr\u00e9sailles\" class=\"internal_link\" target=\"_blank\" rel=\"noopener\">aux avoirs russes<\/a><\/strong> faute d&rsquo;accord sur cette solution in\u00e9dite.<\/p>\n<p>Comment Kiev va d\u00e9penser cette somme? C&rsquo;est l\u00e0 que les visions divergent. L\u2019Allemagne et les Pays-Bas s\u2019opposent \u00e0 la France sur l\u2019utilisation de ce pr\u00eat et notamment sur la possibilit\u00e9 pour Kiev d\u2019acheter des armes am\u00e9ricaines avec ces fonds europ\u00e9ens.<\/p>\n<p>Si l\u2019aide a \u00e9t\u00e9 valid\u00e9e politiquement lors du sommet du Conseil europ\u00e9en de d\u00e9cembre, ses modalit\u00e9s concr\u00e8tes restent explosivement sensibles. La proposition pr\u00e9sent\u00e9e mercredi par la Commission europ\u00e9enne ouvre une phase de n\u00e9gociations tendues, dans un contexte de crispation croissante entre partenaires europ\u00e9ens.<\/p>\n<p>Paris m\u00e8ne une bataille de fond. Emmanuel Macron d\u00e9fend une pr\u00e9f\u00e9rence europ\u00e9enne assum\u00e9e, avec un traitement prioritaire r\u00e9serv\u00e9 aux industriels de d\u00e9fense de l\u2019UE. Un objectif qu&rsquo;il a d&rsquo;ailleurs <a href=\"https:\/\/www.bfmtv.com\/economie\/se-preparer-au-nouveau-colonialisme-de-trump-mettre-le-paquet-sur-l-armement-et-vite-instaurer-la-preference-europeenne-le-discours-sombre-et-alarmiste-de-macron-devant-les-ambassadeurs_AV-202601080783.html\" title=\"Se pr\u00e9parer au &quot;nouveau colonialisme&quot; de Trump, &quot;mettre le paquet&quot; sur l&#039;armement et vite instaurer la &quot;pr\u00e9f\u00e9rence europ\u00e9enne&quot;: le discours sombre et alarmiste de Macron devant les ambassadeurs\" class=\"internal_link\" target=\"_blank\" rel=\"noopener\">explicitement affirm\u00e9 lors d&rsquo;un discours la semaine derni\u00e8re <\/a>devant les ambassadeurs.<\/p>\n<p>L&rsquo;objectif du chef de l&rsquo;Etat: renforcer la base industrielle et strat\u00e9gique du continent, quitte \u00e0 retarder l\u2019acc\u00e8s imm\u00e9diat de l\u2019Ukraine \u00e0 certains \u00e9quipements jug\u00e9s critiques.<\/p>\n<p>Une clause stricte \u00ab\u00a0acheter europ\u00e9en\u00a0\u00bb<\/p>\n<p>Une ligne contest\u00e9e par une large majorit\u00e9 d\u2019\u00c9tats membres. Men\u00e9s par Berlin et La Haye, plusieurs gouvernements estiment que Kiev doit disposer d\u2019une libert\u00e9 maximale dans l\u2019utilisation du plan de relance europ\u00e9en pour financer sa d\u00e9fense, selon des documents consult\u00e9s par <a href=\"https:\/\/www.politico.eu\/article\/germany-france-clash-us-weapon-90-billion-loan-ukraine\/\" target=\"_blank\" class=\"external_link\" rel=\"noopener\">Politico<\/a>. Pour eux, l\u2019urgence militaire prime sur les consid\u00e9rations industrielles et les int\u00e9r\u00eats europ\u00e9ens ou nationaux.<\/p>\n<p>Les critiques pointent le risque d\u2019un verrouillage strat\u00e9gique. La France veut en effet introduire une clause stricte dite \u00ab\u00a0acheter europ\u00e9en\u00a0\u00bb et elle est accus\u00e9e de limiter la capacit\u00e9 de l\u2019Ukraine \u00e0 se d\u00e9fendre efficacement face \u00e0 la Russie.<\/p>\n<blockquote class=\"embed embed_quote\"><p>\u00ab\u00a0L\u2019Ukraine a \u00e9galement un besoin urgent d\u2019\u00e9quipements produits par des pays tiers, notamment des syst\u00e8mes de d\u00e9fense a\u00e9rienne et des intercepteurs de fabrication am\u00e9ricaine, des munitions et des pi\u00e8ces d\u00e9tach\u00e9es pour F-16 ainsi que des capacit\u00e9s de frappe en profondeur\u00a0\u00bb, \u00e9crit le gouvernement n\u00e9erlandais dans une lettre consult\u00e9e par <a href=\"https:\/\/www.politico.eu\/article\/germany-france-clash-us-weapon-90-billion-loan-ukraine\/\" target=\"_blank\" class=\"external_link\" rel=\"noopener\">Politico<\/a>.<\/p><\/blockquote>\n<p>L&rsquo;Allemagne et les Pays-Bas soutiennent en effet une clause dite g\u00e9n\u00e9rale pour le \u00ab\u00a0acheter europ\u00e9en\u00a0\u00bb qui est une disposition formul\u00e9e de mani\u00e8re large et permettant une interpr\u00e9tation souple. Quand Paris veut que cette disposition soit restrictive c&rsquo;est \u00e0 dire sans extension au-del\u00e0 de ce qui est pr\u00e9vu. Pour les premiers, l&rsquo;Ukraine peut acheter am\u00e9ricain si l&rsquo;industrie europ\u00e9enne ne peut pas fournir les armes souhait\u00e9es, pour le second le fournisseur doit \u00eatre europ\u00e9en point barre.<\/p>\n<p>Et le rapport de forces est d\u00e9favorable \u00e0 Paris. Si la plupart des pays soutiennent une clause g\u00e9n\u00e9rale. Seules la Gr\u00e8ce et Chypre appuient la position fran\u00e7aise. Sauf que Chypre occupe actuellement la pr\u00e9sidence tournante du Conseil de l&rsquo;UE et s&rsquo;astreint donc \u00e0 un devoir de neutralit\u00e9. Par ailleurs, un vote sur cette question isolerait une nouvelle fois la France qui ne pourrait pas opposer de veto (il se ferait \u00e0 la majorit\u00e9 simple).<\/p>\n<p>L&rsquo;entourloupe de l&rsquo;Allemagne<\/p>\n<p>En parall\u00e8le, plus des deux tiers du budget envisag\u00e9 par la Commission seraient fl\u00e9ch\u00e9s vers les d\u00e9penses militaires, apr\u00e8s l\u2019\u00e9mission de 90 milliards d\u2019euros de dette commune pour soutenir Kiev. Les besoins de financement de Kiev ont \u00e9t\u00e9 estim\u00e9s \u00e0 137 milliards d&rsquo;euros.<\/p>\n<p>Berlin a m\u00eame tenu \u00e0 se d\u00e9marquer publiquement de la position fran\u00e7aise dans une lettre adress\u00e9e aux capitales europ\u00e9ennes cit\u00e9e par Politico.<\/p>\n<blockquote class=\"embed embed_quote\"><p>\u00ab\u00a0L\u2019Allemagne ne soutient pas les propositions visant \u00e0 limiter les achats aupr\u00e8s de pays tiers \u00e0 certains produits et craint que cela n\u2019impose des restrictions excessives \u00e0 l\u2019Ukraine en mati\u00e8re de d\u00e9fense\u00a0\u00bb, a \u00e9crit le gouvernement allemand.<\/p><\/blockquote>\n<p>Pire pour la France, l&rsquo;Allemagne plaide pour que les pays ayant le plus contribu\u00e9 \u00e0 l&rsquo;aide \u00e0 Kiev soit prioritaires dans les commandes. Or en Europe c&rsquo;est&#8230; l&rsquo;Allemagne le plus important contributeur en aides bilat\u00e9rales. Les engagements directs de Berlin s&rsquo;\u00e9l\u00e8vent en effet \u00e0 27,5 milliards d&rsquo;euros contre 8,1 milliards pour Paris comme l&rsquo;indique le <a href=\"https:\/\/worldpopulationreview.com\/country-rankings\/total-aid-to-ukraine-by-country?utm_source=chatgpt.com\" target=\"_blank\" class=\"external_link\" rel=\"noopener\">World Population Review<\/a>.<\/p>\n","protected":false},"excerpt":{"rendered":"Le r\u00e9armement acc\u00e9l\u00e9r\u00e9 des Europ\u00e9ens, massivement tourn\u00e9 vers les \u00e9quipements am\u00e9ricains, a ouvert une fracture majeure au sein&hellip;\n","protected":false},"author":2,"featured_media":479573,"comment_status":"","ping_status":"","sticky":false,"template":"","format":"standard","meta":{"footnotes":""},"categories":[1586],"tags":[11,1777,674,1779,1011,27,12,25,1778,364],"class_list":{"0":"post-660960","1":"post","2":"type-post","3":"status-publish","4":"format-standard","5":"has-post-thumbnail","7":"category-europe","8":"tag-actualites","9":"tag-eu","10":"tag-europe","11":"tag-european-union","12":"tag-fr","13":"tag-france","14":"tag-news","15":"tag-republique-francaise","16":"tag-ue","17":"tag-union-europeenne"},"share_on_mastodon":{"url":"https:\/\/pubeurope.com\/@fr\/115888714171974433","error":""},"_links":{"self":[{"href":"https:\/\/www.europesays.com\/fr\/wp-json\/wp\/v2\/posts\/660960","targetHints":{"allow":["GET"]}}],"collection":[{"href":"https:\/\/www.europesays.com\/fr\/wp-json\/wp\/v2\/posts"}],"about":[{"href":"https:\/\/www.europesays.com\/fr\/wp-json\/wp\/v2\/types\/post"}],"author":[{"embeddable":true,"href":"https:\/\/www.europesays.com\/fr\/wp-json\/wp\/v2\/users\/2"}],"replies":[{"embeddable":true,"href":"https:\/\/www.europesays.com\/fr\/wp-json\/wp\/v2\/comments?post=660960"}],"version-history":[{"count":0,"href":"https:\/\/www.europesays.com\/fr\/wp-json\/wp\/v2\/posts\/660960\/revisions"}],"wp:featuredmedia":[{"embeddable":true,"href":"https:\/\/www.europesays.com\/fr\/wp-json\/wp\/v2\/media\/479573"}],"wp:attachment":[{"href":"https:\/\/www.europesays.com\/fr\/wp-json\/wp\/v2\/media?parent=660960"}],"wp:term":[{"taxonomy":"category","embeddable":true,"href":"https:\/\/www.europesays.com\/fr\/wp-json\/wp\/v2\/categories?post=660960"},{"taxonomy":"post_tag","embeddable":true,"href":"https:\/\/www.europesays.com\/fr\/wp-json\/wp\/v2\/tags?post=660960"}],"curies":[{"name":"wp","href":"https:\/\/api.w.org\/{rel}","templated":true}]}}