{"id":660961,"date":"2026-01-13T16:23:11","date_gmt":"2026-01-13T16:23:11","guid":{"rendered":"https:\/\/www.europesays.com\/fr\/660961\/"},"modified":"2026-01-13T16:23:11","modified_gmt":"2026-01-13T16:23:11","slug":"avec-le-groenland-trump-veut-un-trophee-territorial-pour-son-heritage-personnel","status":"publish","type":"post","link":"https:\/\/www.europesays.com\/fr\/660961\/","title":{"rendered":"\u00ab\u00a0Avec le Groenland, Trump veut un troph\u00e9e territorial pour son h\u00e9ritage personnel \u00bb"},"content":{"rendered":"\n<p class=\"article__paragraph  \">Les risques en termes de s\u00e9curit\u00e9 avanc\u00e9s par le pr\u00e9sident Trump pour justifier une annexion du Groenland sont erron\u00e9s et surdimensionn\u00e9s. C\u2019est au large des c\u00f4tes de l\u2019Alaska [49e Etat des Etats-Unis], et non de celles du Groenland, que cinq brise-glace chinois ont \u00e9t\u00e9 d\u00e9ploy\u00e9s l\u2019ann\u00e9e derni\u00e8re.<\/p>\n<p>                              Lire aussi |  <a href=\"https:\/\/www.lemonde.fr\/international\/article\/2026\/01\/12\/les-etats-unis-auront-le-groenland-d-une-maniere-ou-d-une-autre-affirme-donald-trump_6661462_3210.html\" class=\"js-article-read-also catcher--favoris__link\" data-premium=\"\" id=\"article-title-3454195\" target=\"_blank\" rel=\"noopener\">Groenland\u00a0: Donald Trump r\u00e9p\u00e8te que les Etats-Unis auront l\u2019\u00eele \u00ab\u00a0d\u2019une mani\u00e8re ou d\u2019une autre\u00a0\u00bb, son gouvernement r\u00e9pond qu\u2019il ne l\u2019accepte \u00ab\u00a0d\u2019aucune mani\u00e8re\u00a0\u00bb<\/a>    <\/p>\n<p>   Lire plus tard  <\/p>\n<p class=\"article__paragraph  \">Les risques ne sont pas nuls pour autant. La Russie inqui\u00e8te par ses menaces hybrides, tandis qu\u2019une coop\u00e9ration sino-russe se d\u00e9veloppe en Arctique sur la route du Nord-Est. Mais rien qui ne justifie une annexion du Groenland par les Etats-Unis, qui poss\u00e8dent d\u00e9j\u00e0 la base militaire Pituffik, selon l\u2019accord de 1951 avec le Danemark. De surcro\u00eet, le pr\u00e9sident am\u00e9ricain ignore superbement les efforts consentis en\u00a02025 par le Danemark pour la d\u00e9fense du Groenland, en accord avec son gouvernement territorial\u00a0: le montant total de deux plans de financement, en janvier et en octobre, avoisine 6\u00a0milliards d\u2019euros.<\/p>\n<p class=\"article__paragraph  \">Paradoxalement, ce sont les Etats-Unis qui deviennent la menace imm\u00e9diate et s\u00e9rieuse pour le Groenland. Trump veut un troph\u00e9e territorial pour son h\u00e9ritage personnel, selon un expansionnisme d\u00e9complex\u00e9 et d\u2019autant plus opportun que le Groenland poss\u00e8de des r\u00e9serves de terres rares, dont la Chine a le quasi-monopole de l\u2019extraction et du raffinage.<\/p>\n<p class=\"article__paragraph  \">Une coop\u00e9ration dans le cadre de l\u2019Organisation du trait\u00e9 de l\u2019Atlantique Nord (OTAN) est sugg\u00e9r\u00e9e dans la d\u00e9claration conjointe sur le Groenland, sign\u00e9e par sept chefs d\u2019Etat et de gouvernement europ\u00e9ens le 6\u00a0janvier. C\u2019est une proposition minimale. Pour \u00eatre cr\u00e9dible, elle doit \u00eatre accompagn\u00e9e par un signal fort.<\/p>\n<p>                              Lire aussi |  Article r\u00e9serv\u00e9 \u00e0 nos abonn\u00e9s  <a href=\"https:\/\/www.lemonde.fr\/economie\/article\/2026\/01\/09\/au-groenland-des-terres-rares-et-minerais-critiques-nombreux-mais-difficiles-a-exploiter_6661130_3234.html\" class=\"js-article-read-also catcher--favoris__link\" data-premium=\"1\" id=\"article-title-3453601\" target=\"_blank\" rel=\"noopener\">Au Groenland, des terres rares et minerais critiques nombreux mais difficiles \u00e0 exploiter<\/a>    <\/p>\n<p>   Lire plus tard  <\/p>\n<p>                 Question militaire sensible           <\/p>\n<p class=\"article__paragraph  \">Rappelons cependant qu\u2019une r\u00e9ponse de l\u2019OTAN n\u2019est plus aussi \u00e9vidente que par le pass\u00e9. Les Etats-Unis ont besoin de l\u2019OTAN pour le fonctionnement de leurs bases en Europe, mais le 17\u00a0juin\u00a02025\u00a0le d\u00e9partement de la d\u00e9fense des Etats-Unis a d\u00e9plac\u00e9 le commandement du Groenland d\u2019Eucom (Europe et Afrique) \u00e0 Northcom (Am\u00e9rique du Nord). Cette d\u00e9cision signifie une marginalisation de l\u2019Europe, dans le sens o\u00f9 les Etats-Unis ne consid\u00e8rent plus le Groenland comme un th\u00e9\u00e2tre principalement europ\u00e9en ou euro-atlantique.<\/p>\n<p class=\"reading-mode-only \"><strong>Il vous reste 66.63% de cet article \u00e0 lire. La suite est r\u00e9serv\u00e9e aux abonn\u00e9s.<\/strong><\/p>\n","protected":false},"excerpt":{"rendered":"Les risques en termes de s\u00e9curit\u00e9 avanc\u00e9s par le pr\u00e9sident Trump pour justifier une annexion du Groenland sont&hellip;\n","protected":false},"author":2,"featured_media":660962,"comment_status":"","ping_status":"","sticky":false,"template":"","format":"standard","meta":{"footnotes":""},"categories":[2],"tags":[11,1011,27,12,25],"class_list":{"0":"post-660961","1":"post","2":"type-post","3":"status-publish","4":"format-standard","5":"has-post-thumbnail","7":"category-actualites","8":"tag-actualites","9":"tag-fr","10":"tag-france","11":"tag-news","12":"tag-republique-francaise"},"share_on_mastodon":{"url":"https:\/\/pubeurope.com\/@fr\/115888718255946218","error":""},"_links":{"self":[{"href":"https:\/\/www.europesays.com\/fr\/wp-json\/wp\/v2\/posts\/660961","targetHints":{"allow":["GET"]}}],"collection":[{"href":"https:\/\/www.europesays.com\/fr\/wp-json\/wp\/v2\/posts"}],"about":[{"href":"https:\/\/www.europesays.com\/fr\/wp-json\/wp\/v2\/types\/post"}],"author":[{"embeddable":true,"href":"https:\/\/www.europesays.com\/fr\/wp-json\/wp\/v2\/users\/2"}],"replies":[{"embeddable":true,"href":"https:\/\/www.europesays.com\/fr\/wp-json\/wp\/v2\/comments?post=660961"}],"version-history":[{"count":0,"href":"https:\/\/www.europesays.com\/fr\/wp-json\/wp\/v2\/posts\/660961\/revisions"}],"wp:featuredmedia":[{"embeddable":true,"href":"https:\/\/www.europesays.com\/fr\/wp-json\/wp\/v2\/media\/660962"}],"wp:attachment":[{"href":"https:\/\/www.europesays.com\/fr\/wp-json\/wp\/v2\/media?parent=660961"}],"wp:term":[{"taxonomy":"category","embeddable":true,"href":"https:\/\/www.europesays.com\/fr\/wp-json\/wp\/v2\/categories?post=660961"},{"taxonomy":"post_tag","embeddable":true,"href":"https:\/\/www.europesays.com\/fr\/wp-json\/wp\/v2\/tags?post=660961"}],"curies":[{"name":"wp","href":"https:\/\/api.w.org\/{rel}","templated":true}]}}