{"id":660969,"date":"2026-01-13T16:28:10","date_gmt":"2026-01-13T16:28:10","guid":{"rendered":"https:\/\/www.europesays.com\/fr\/660969\/"},"modified":"2026-01-13T16:28:10","modified_gmt":"2026-01-13T16:28:10","slug":"6-nations-u20-axel-guillaud-nolhann-couillaud-lucas-andjisseramatchi-la-liste-des-bleuets-pour-preparer-le-tournoi","status":"publish","type":"post","link":"https:\/\/www.europesays.com\/fr\/660969\/","title":{"rendered":"6 Nations U20 \u2013 Axel Guillaud, Nolhann Couillaud, Lucas Andjisseramatchi\u2026 La liste des Bleuets pour pr\u00e9parer le Tournoi"},"content":{"rendered":"<p>\n                C\u00e9dric Laborde, le s\u00e9lectionneur de l\u2019\u00e9quipe de France U20, vient de d\u00e9voiler le groupe des joueurs qui vont pr\u00e9parer le Tournoi des 6 Nations U20 lors d\u2019un stage \u00e0 Marcoussis du 19 au 26\u00a0janvier. La comp\u00e9tition d\u00e9marrera le 7\u00a0f\u00e9vrier face \u00e0 l\u2019Irlande pour les Bleuets.\n            <\/p>\n<p>Les Bleuets de C\u00e9dric Laborde pourront-ils r\u00e9aliser l\u2019exploit de soulever le Tournoi des 6 Nations une deuxi\u00e8me fois de suite apr\u00e8s leur victoire l\u2019an pass\u00e9\u00a0? Le d\u00e9fi est en tout cas immense, puisque jamais r\u00e9alis\u00e9 dans l\u2019histoire par les Fran\u00e7ais. Pour cela, le s\u00e9lectionneur a d\u00e9voil\u00e9 une liste de 43 joueurs pour pr\u00e9parer la comp\u00e9tition qui d\u00e9butera le 7\u00a0f\u00e9vrier avec la r\u00e9ception de l\u2019Irlande \u00e0 Aim\u00e9-Giral (Perpignan). Les joueurs appel\u00e9s vont se r\u00e9unir du 19 au 26\u00a0janvier \u00e0 Marcoussis pour d\u00e9buter la pr\u00e9paration.<\/p>\n<p>\u00ab\u00a0Ce groupe est le r\u00e9sultat du suivi men\u00e9 depuis le d\u00e9but de la saison et des \u00e9changes avec les clubs, des performances, et de ce que nous avons vu lors de la tourn\u00e9e de novembre. Il y a \u00e9galement des joueurs absents de cette liste qui sont encore un peu justes physiquement pour y participer mais qui pourront nous retrouver plus tard. Ce rassemblement marque une \u00e9tape de plus vers le d\u00e9but du Tournoi. Cette semaine de pr\u00e9paration entre nous sera un moment important pour cr\u00e9er des connexions et de l\u2019exp\u00e9rience collective. Nous nous opposerons \u00e0 l\u2019\u00e9quipe de France Universitaire pour se pr\u00e9parer \u00e0 jouer ensemble\u00a0\u00bb, a expliqu\u00e9 Laborde.<\/p>\n<p>    Les avants\u00a0:<\/p>\n<ul>\n<li>Lucas Andjisseramatchi Stade Rochelais<\/li>\n<li>Hugo Avogadro FC Grenoble<\/li>\n<li>Yanis Basse Racing 92<\/li>\n<li>Rom\u00e9o Bonnard Martin Stade Toulousain<\/li>\n<li>Liam Couturier Aviron Bayonnais<\/li>\n<li>R\u00e9mi Couty Stade Aurillacois<\/li>\n<li>Mathis Dehauteur Saracens FC<\/li>\n<li>Math\u00e9o Frisach ASM Clermont Auvergne<\/li>\n<li>Gabin Garault Stade Rochelais<\/li>\n<li>Lohann Gil RC Toulon<\/li>\n<li>Edouard-Junior Jabea Njocke Racing 92<\/li>\n<li>Matis Julien Racing 92<\/li>\n<li>Tana Keletaona CA Brive<\/li>\n<li>Dany Lamataki SU Agen<\/li>\n<li>R\u00e9my Lanen ASM Clermont Auvergne<\/li>\n<li>Alexandre Langlois FC Grenoble<\/li>\n<li>Marceau Marzullo Stade Toulousain<\/li>\n<li>R\u00e9gis Omby CA Brive<\/li>\n<li>Ruben Pargade Union Bordeaux B\u00e8gles<\/li>\n<li>Alban Portat Stade Toulousain<\/li>\n<li>Nils Punti Montpellier HR<\/li>\n<li>Antonio Ratavo Montpellier HR<\/li>\n<li>Ethan Tia Stade Fran\u00e7ais<\/li>\n<li>Ma\u00ebl Turpin Stade Montois<\/li>\n<li>Baptiste Veschambre ASM Clermont Auvergne<\/li>\n<\/ul>\n<p>    Les arri\u00e8res<\/p>\n<ul>\n<li>Martin Blum Stade Fran\u00e7ais<\/li>\n<li>Dylan Cazemajou SU Agen<\/li>\n<li>Paul Cellio Zwiler Provence Rugby<\/li>\n<li>Nolhann Couillaud Stade Rochelais<\/li>\n<li>Adrien Drault Union Bordeaux B\u00e8gles<\/li>\n<li>Tim\u00e9o Frier ASM Clermont Auvergne<\/li>\n<li>Axel Guillaud ASM Clermont Auvergne<\/li>\n<li>Luka Keletaona CA Brive<\/li>\n<li>Gabin Kretchmann USA Perpignan<\/li>\n<li>Joseph Laharrague Union Bordeaux B\u00e8gles<\/li>\n<li>Merlin Leflamand US Montauban<\/li>\n<li>Charly Mignot Lyon OU<\/li>\n<li>Bastien Rasal Aviron Bayonnais<\/li>\n<li>Melvyn Rates Montpellier HR<\/li>\n<li>Tyreese Robin FC Grenoble<\/li>\n<li>Joachim Senga Kouo RC Vannes<\/li>\n<li>Baptiste Tilloles Aviron Bayonnais<\/li>\n<li>Quentin Valentino Section Paloise<\/li>\n<\/ul>\n","protected":false},"excerpt":{"rendered":"C\u00e9dric Laborde, le s\u00e9lectionneur de l\u2019\u00e9quipe de France U20, vient de d\u00e9voiler le groupe des joueurs qui vont&hellip;\n","protected":false},"author":2,"featured_media":660970,"comment_status":"","ping_status":"","sticky":false,"template":"","format":"standard","meta":{"footnotes":""},"categories":[1416],"tags":[1011,27,479,1468,68796,60,76250],"class_list":{"0":"post-660969","1":"post","2":"type-post","3":"status-publish","4":"format-standard","5":"has-post-thumbnail","7":"category-rugby","8":"tag-fr","9":"tag-france","10":"tag-rugby","11":"tag-rugby-football","12":"tag-rugby-u00e0-xv","13":"tag-sports","14":"tag-tournoi-des-6-nations-u20"},"share_on_mastodon":{"url":"https:\/\/pubeurope.com\/@fr\/115888737818778673","error":""},"_links":{"self":[{"href":"https:\/\/www.europesays.com\/fr\/wp-json\/wp\/v2\/posts\/660969","targetHints":{"allow":["GET"]}}],"collection":[{"href":"https:\/\/www.europesays.com\/fr\/wp-json\/wp\/v2\/posts"}],"about":[{"href":"https:\/\/www.europesays.com\/fr\/wp-json\/wp\/v2\/types\/post"}],"author":[{"embeddable":true,"href":"https:\/\/www.europesays.com\/fr\/wp-json\/wp\/v2\/users\/2"}],"replies":[{"embeddable":true,"href":"https:\/\/www.europesays.com\/fr\/wp-json\/wp\/v2\/comments?post=660969"}],"version-history":[{"count":0,"href":"https:\/\/www.europesays.com\/fr\/wp-json\/wp\/v2\/posts\/660969\/revisions"}],"wp:featuredmedia":[{"embeddable":true,"href":"https:\/\/www.europesays.com\/fr\/wp-json\/wp\/v2\/media\/660970"}],"wp:attachment":[{"href":"https:\/\/www.europesays.com\/fr\/wp-json\/wp\/v2\/media?parent=660969"}],"wp:term":[{"taxonomy":"category","embeddable":true,"href":"https:\/\/www.europesays.com\/fr\/wp-json\/wp\/v2\/categories?post=660969"},{"taxonomy":"post_tag","embeddable":true,"href":"https:\/\/www.europesays.com\/fr\/wp-json\/wp\/v2\/tags?post=660969"}],"curies":[{"name":"wp","href":"https:\/\/api.w.org\/{rel}","templated":true}]}}