{"id":660973,"date":"2026-01-13T16:33:12","date_gmt":"2026-01-13T16:33:12","guid":{"rendered":"https:\/\/www.europesays.com\/fr\/660973\/"},"modified":"2026-01-13T16:33:12","modified_gmt":"2026-01-13T16:33:12","slug":"visma-lease-a-bike-vingegaard-disputera-son-premier-giro-avant-le-tour-sports","status":"publish","type":"post","link":"https:\/\/www.europesays.com\/fr\/660973\/","title":{"rendered":"Visma Lease-a Bike : Vingegaard disputera son premier Giro avant le Tour : Sports"},"content":{"rendered":"<p class=\"date\">\n                                                            Aur\u00e9lien Canot, Media365, publi\u00e9 le mardi 13 janvier 2026 \u00e0 14h43\n                                                    <\/p>\n<p>Jonas Vingegaard (29 ans) a annonc\u00e9 mardi en marge du stage de pr\u00e9paration de son \u00e9quipe en Espagne qu&rsquo;il disputerait pour la premi\u00e8re fois le Giro cette ann\u00e9e avant de tenter ensuite de remporter le Tour de France pour la troisi\u00e8me fois de sa carri\u00e8re.<\/p>\n<p>Jonas Vingegaard, le coup de th\u00e9\u00e2tre. Le champion danois a d\u00e9j\u00e0 remport\u00e9 le Tour de France, et ce \u00e0 deux reprises. La saison derni\u00e8re, il avait \u00e9galement ajout\u00e9 \u00e0 son palmar\u00e8s le Tour d&rsquo;Espagne, qu&rsquo;il disputait pour la troisi\u00e8me fois et dont il avait termin\u00e9 2e deux ans plus t\u00f4t. En revanche, depuis son arriv\u00e9e dans le peloton professionnel, en 2019, \u00ab\u00a0Vigo\u00a0\u00bb ne s&rsquo;\u00e9tait encore jamais test\u00e9 sur le Tour d&rsquo;Italie.<\/p>\n<p>L&#8217;embl\u00e9matique leader de l&rsquo;\u00e9quipe Visma-Lease a Bike fera ses grands d\u00e9buts cette saison sur le Giro. Vingegaard a annonc\u00e9 mardi en marge du stage de son \u00e9quipe \u00e0 la Nucia, en Espagne, qu&rsquo;il doublerait pour la premi\u00e8re fois le Tour d&rsquo;Italie, premier Grand Tour figurant chaque ann\u00e9e au calendrier de la saison, et le Tour de France, o\u00f9 il tentera de briser l&rsquo;h\u00e9g\u00e9monie de Tadej Pogacar, double tenant du titre, et d&rsquo;ajouter son nom au palmar\u00e8s de l&rsquo;\u00e9preuve pour la troisi\u00e8me fois apr\u00e8s ses sacres de 2022 et 2023.<\/p>\n<p>Une v\u00e9ritable surprise que l&rsquo;int\u00e9ress\u00e9, visiblement press\u00e9 de laisser son empreinte en Italie comme il l&rsquo;a fait en France et en Espagne, a d\u00e9voil\u00e9 mardi.<\/p>\n<p><strong>Pour le Tour d&rsquo;Espagne, il faudra patienter&#8230;<\/strong><\/p>\n<p>\u00ab\u00a0J&rsquo;ai d\u00e9j\u00e0 gagn\u00e9 en France et en Espagne. Maintenant, je veux faire la m\u00eame chose en Italie. Cela fait un moment que je pense \u00e0 faire le Giro. J&rsquo;adorerais ajouter le maillot rose \u00e0 ma collection\u00a0\u00bb, a avou\u00e9 le Danois, sans cacher que le trac\u00e9 avait grandement pes\u00e9 dans son choix d&rsquo;enfin d\u00e9couvrir le Tour d&rsquo;Italie, et sans pour autant forc\u00e9ment risquer de compromettre ses chances sur la Grande Boucle.<\/p>\n<p>\u00ab\u00a0L&rsquo;organisation a con\u00e7u un superbe parcours pour le Giro. Peut-\u00eatre pas aussi exigeant que ces derni\u00e8res ann\u00e9es, ce qui fait de la combinaison du Giro et du Tour une option favorable pour nous\u00a0\u00bb. En revanche, pour savoir si Vingegaard d\u00e9cidera \u00e9galement de d\u00e9fendre son titre sur la Vuelta, il faudra patienter. \u00ab\u00a0Ce qui se passera apr\u00e8s le Tour, cela d\u00e9pend vraiment de ce que je ressens, ajoute Vingegaard. Je me concentre enti\u00e8rement sur le Giro d&rsquo;abord, puis sur le Tour. Ce sont mes principaux objectifs.\u00a0\u00bb<\/p>\n<p>\u00ab\u00a0Vigo\u00a0\u00bb d\u00e9butera sa saison le mois prochain \u00e0 l&rsquo;occasion de l&rsquo;UAE Tour (16 au 22 f\u00e9vrier), une \u00e9preuve qu&rsquo;il n&rsquo;a encore jamais gagn\u00e9e, au m\u00eame titre que le Tour de Catalogne, en mars (23 au 29), que le Danois disputera \u00e9galement.<\/p>\n","protected":false},"excerpt":{"rendered":"Aur\u00e9lien Canot, Media365, publi\u00e9 le mardi 13 janvier 2026 \u00e0 14h43 Jonas Vingegaard (29 ans) a annonc\u00e9 mardi&hellip;\n","protected":false},"author":2,"featured_media":660974,"comment_status":"","ping_status":"","sticky":false,"template":"","format":"standard","meta":{"footnotes":""},"categories":[1411],"tags":[1154,207,1011,27,60],"class_list":{"0":"post-660973","1":"post","2":"type-post","3":"status-publish","4":"format-standard","5":"has-post-thumbnail","7":"category-cyclisme","8":"tag-cycling","9":"tag-cyclisme","10":"tag-fr","11":"tag-france","12":"tag-sports"},"share_on_mastodon":{"url":"https:\/\/pubeurope.com\/@fr\/115888757406663236","error":""},"_links":{"self":[{"href":"https:\/\/www.europesays.com\/fr\/wp-json\/wp\/v2\/posts\/660973","targetHints":{"allow":["GET"]}}],"collection":[{"href":"https:\/\/www.europesays.com\/fr\/wp-json\/wp\/v2\/posts"}],"about":[{"href":"https:\/\/www.europesays.com\/fr\/wp-json\/wp\/v2\/types\/post"}],"author":[{"embeddable":true,"href":"https:\/\/www.europesays.com\/fr\/wp-json\/wp\/v2\/users\/2"}],"replies":[{"embeddable":true,"href":"https:\/\/www.europesays.com\/fr\/wp-json\/wp\/v2\/comments?post=660973"}],"version-history":[{"count":0,"href":"https:\/\/www.europesays.com\/fr\/wp-json\/wp\/v2\/posts\/660973\/revisions"}],"wp:featuredmedia":[{"embeddable":true,"href":"https:\/\/www.europesays.com\/fr\/wp-json\/wp\/v2\/media\/660974"}],"wp:attachment":[{"href":"https:\/\/www.europesays.com\/fr\/wp-json\/wp\/v2\/media?parent=660973"}],"wp:term":[{"taxonomy":"category","embeddable":true,"href":"https:\/\/www.europesays.com\/fr\/wp-json\/wp\/v2\/categories?post=660973"},{"taxonomy":"post_tag","embeddable":true,"href":"https:\/\/www.europesays.com\/fr\/wp-json\/wp\/v2\/tags?post=660973"}],"curies":[{"name":"wp","href":"https:\/\/api.w.org\/{rel}","templated":true}]}}