{"id":660975,"date":"2026-01-13T16:34:11","date_gmt":"2026-01-13T16:34:11","guid":{"rendered":"https:\/\/www.europesays.com\/fr\/660975\/"},"modified":"2026-01-13T16:34:11","modified_gmt":"2026-01-13T16:34:11","slug":"adieu-lewandowski-le-barca-est-pret-a-investir-65-me-sur-harry-kane","status":"publish","type":"post","link":"https:\/\/www.europesays.com\/fr\/660975\/","title":{"rendered":"Adieu Lewandowski, le Bar\u00e7a est pr\u00eat \u00e0 investir 65 M\u20ac sur Harry Kane !"},"content":{"rendered":"<p>Le FC Barcelone cible Harry Kane comme successeur prioritaire de Robert Lewandowski, dont le contrat expire en juin 2026.<\/p>\n<p>Selon The Guardian et Mundo Deportivo, les Blaugranas voient en l\u2019attaquant anglais du Bayern Munich le rempla\u00e7ant id\u00e9al, avec une clause lib\u00e9ratoire activable \u00e0 65 millions d\u2019euros d\u00e8s l\u2019\u00e9t\u00e9 2026.<\/p>\n<p>Feuilleton relanc\u00e9 en Catalogne<\/p>\n<p>Harry Kane, 32 ans et capitaine de l\u2019Angleterre, affiche des statistiques XXL depuis son arriv\u00e9e au Bayern en 2023 : plus de 100 buts en 113 matchs. Le Bar\u00e7a appr\u00e9cie son profil complet \u2013 buteur prolifique, cr\u00e9ateur et leader charismatique \u2013, jug\u00e9 sup\u00e9rieur \u00e0 d\u2019autres options comme Juli\u00e1n \u00c1lvarez, trop co\u00fbteux. Joan Laporta et Deco pr\u00e9parent activement ce dossier pour le projet 2026\/27, malgr\u00e9 les finances serr\u00e9es du club.<\/p>\n<p>Clash des titans : Bayern vs Bar\u00e7a !<\/p>\n<p>Malgr\u00e9 l\u2019int\u00e9r\u00eat catalan, Kane a r\u00e9cemment r\u00e9affirm\u00e9 son bonheur \u00e0 Munich, o\u00f9 le Bayern envisage m\u00eame une prolongation jusqu\u2019en 2028 ou 2029. Sa clause \u00e0 65 M\u20ac (environ 57 M\u00a3) rend l\u2019op\u00e9ration abordable pour le Bar\u00e7a, bien en de\u00e7\u00e0 de son transfert record de 2023. Les m\u00e9dias ib\u00e9riques insistent : sans vente de Lewandowski (co\u00fbt annuel &gt;40 M\u20ac), ce grand attaquant reste conditionnel, mais l\u2019option Kane gagne du terrain face \u00e0 la concurrence de la Premier League.<\/p>\n<p>Ce possible transfert du si\u00e8cle pourrait redessiner l\u2019attaque barcelonaise. Reste \u00e0 voir si Kane, recordman en puissance, succombera au chant des sir\u00e8nes catalanes ou restera fid\u00e8le \u00e0 la Bavi\u00e8re pour chasser les troph\u00e9es.<\/p>\n<p>\u200b<\/p>\n","protected":false},"excerpt":{"rendered":"Le FC Barcelone cible Harry Kane comme successeur prioritaire de Robert Lewandowski, dont le contrat expire en juin&hellip;\n","protected":false},"author":2,"featured_media":660976,"comment_status":"","ping_status":"","sticky":false,"template":"","format":"standard","meta":{"footnotes":""},"categories":[1410],"tags":[63,1011,27,60],"class_list":{"0":"post-660975","1":"post","2":"type-post","3":"status-publish","4":"format-standard","5":"has-post-thumbnail","7":"category-football","8":"tag-football","9":"tag-fr","10":"tag-france","11":"tag-sports"},"share_on_mastodon":{"url":"https:\/\/pubeurope.com\/@fr\/115888761521864001","error":""},"_links":{"self":[{"href":"https:\/\/www.europesays.com\/fr\/wp-json\/wp\/v2\/posts\/660975","targetHints":{"allow":["GET"]}}],"collection":[{"href":"https:\/\/www.europesays.com\/fr\/wp-json\/wp\/v2\/posts"}],"about":[{"href":"https:\/\/www.europesays.com\/fr\/wp-json\/wp\/v2\/types\/post"}],"author":[{"embeddable":true,"href":"https:\/\/www.europesays.com\/fr\/wp-json\/wp\/v2\/users\/2"}],"replies":[{"embeddable":true,"href":"https:\/\/www.europesays.com\/fr\/wp-json\/wp\/v2\/comments?post=660975"}],"version-history":[{"count":0,"href":"https:\/\/www.europesays.com\/fr\/wp-json\/wp\/v2\/posts\/660975\/revisions"}],"wp:featuredmedia":[{"embeddable":true,"href":"https:\/\/www.europesays.com\/fr\/wp-json\/wp\/v2\/media\/660976"}],"wp:attachment":[{"href":"https:\/\/www.europesays.com\/fr\/wp-json\/wp\/v2\/media?parent=660975"}],"wp:term":[{"taxonomy":"category","embeddable":true,"href":"https:\/\/www.europesays.com\/fr\/wp-json\/wp\/v2\/categories?post=660975"},{"taxonomy":"post_tag","embeddable":true,"href":"https:\/\/www.europesays.com\/fr\/wp-json\/wp\/v2\/tags?post=660975"}],"curies":[{"name":"wp","href":"https:\/\/api.w.org\/{rel}","templated":true}]}}