{"id":660979,"date":"2026-01-13T16:36:34","date_gmt":"2026-01-13T16:36:34","guid":{"rendered":"https:\/\/www.europesays.com\/fr\/660979\/"},"modified":"2026-01-13T16:36:34","modified_gmt":"2026-01-13T16:36:34","slug":"50-ans-a-peindre-le-vieux-quebec-lartiste-gerard-boulanger-toujours-passionne-par-son-art","status":"publish","type":"post","link":"https:\/\/www.europesays.com\/fr\/660979\/","title":{"rendered":"50 ans \u00e0 peindre le Vieux-Qu\u00e9bec: l\u2019artiste G\u00e9rard Boulanger toujours passionn\u00e9 par son art"},"content":{"rendered":"<p><strong>La ville de Qu\u00e9bec est un mod\u00e8le inspirant pour les artistes-peintres comme G\u00e9rard Boulanger, qui ne se lasse pas de mettre en lumi\u00e8re ses beaut\u00e9s depuis plus de 50 ans.<\/strong><\/p>\n<p>L\u2019artiste professionnel de Cap-Rouge peint sur motif des paysages pittoresques du Qu\u00e9bec en piquant son chevalet sur le terrain pour rendre les d\u00e9cors qui l\u2019inspirent, selon son interpr\u00e9tation personnelle. Parmi eux, le Vieux-Qu\u00e9bec est une source d\u2019inspiration in\u00e9puisable.<\/p>\n<p>\u00abC\u2019est la lumi\u00e8re, l\u2019atmosph\u00e8re, l\u2019ambiance. Autant j\u2019aime les ambiances de jour, autant j\u2019aime les ambiances de nuit. Le Vieux-Qu\u00e9bec, le jour, c\u2019est tr\u00e8s anim\u00e9, mais la nuit, il y a quelque chose de magique\u00bb, a-t-il dit.<\/p>\n<p>          <img  alt=\"Sur ce tableau, on aper\u00e7oit la rue du Tr\u00e9sor, \u00e0 l\u2019ombre de l\u2019auberge au toit rouge.\" class=\"lazyload\"\/><\/p>\n<p>\n                                            Sur ce tableau, on aper\u00e7oit la rue du Tr\u00e9sor, \u00e0 l\u2019ombre de l\u2019auberge au toit rouge.<\/p>\n<p>                                                    Photo G\u00c9RARD BOULANGER<\/p>\n<p>Par ses ruelles \u00e9troites, son architecture patrimoniale et son ambiance anim\u00e9e, le Vieux-Qu\u00e9bec a attir\u00e9 toute une g\u00e9n\u00e9ration de peintres hors atelier qui ont laiss\u00e9 leur marque.<\/p>\n<p>\u00abC\u2019est aussi beau qu\u2019avant, sinon plus, parce qu\u2019il y a eu plusieurs actions au fil des ans pour prot\u00e9ger le Vieux-Qu\u00e9bec. Au d\u00e9but, lorsque nous \u00e9tions nombreux \u00e0 peindre sur motif, \u00e7a nous rappelait la Vieille Europe, dans le quartier Montparnasse, \u00e0 Paris. C\u2019\u00e9tait stimulant. Dans les ann\u00e9es 1980, il y a eu une vague. C\u2019\u00e9taient les belles ann\u00e9es. Ensuite, \u00e7\u2019a chang\u00e9. Les peintres travaillent plus en atelier aujourd\u2019hui. C\u2019est devenu compliqu\u00e9 de se d\u00e9placer sur le terrain, avec les stationnements. Parmi les vieux peintres, plusieurs sont d\u00e9c\u00e9d\u00e9s aussi\u00bb, a ajout\u00e9 M. Boulanger.<\/p>\n<p>Peindre \u00e0 l\u2019ext\u00e9rieur, c\u2019est accepter de sortir de sa zone de confort et s\u2019exposer \u00e0 l\u2019impr\u00e9vu.<\/p>\n<p>          <img  alt=\"Passionn\u00e9 depuis toujours, l\u2019artiste aime partager les anecdotes qui ont ponctu\u00e9 son parcours.\" class=\"lazyload\"\/><\/p>\n<p>\n                                            Passionn\u00e9 depuis toujours, l\u2019artiste aime partager les anecdotes qui ont ponctu\u00e9 son parcours.<\/p>\n<p>                                                    Photo DIANE TREMBLAY<\/p>\n<p>\u00abLes gens sont curieux. Je me rappelle une journ\u00e9e, en juillet, en face du Ch\u00e2teau Frontenac, o\u00f9 j\u2019avais commenc\u00e9 t\u00f4t le matin. \u00c7a allait vraiment bien. C\u2019\u00e9tait un beau tableau. J\u2019\u00e9tais tellement embarqu\u00e9 qu\u2019en prenant un pas de recul, j\u2019ai accroch\u00e9 des gens. Lorsque je me suis retourn\u00e9, il y avait pas moins de 25 \u00e0 30 personnes autour de moi qui ne parlaient pas et qui me regardaient peindre en silence, alors que je ne le savais m\u00eame pas.\u00bb<\/p>\n<p>Son inspiration n\u2019a pas de fronti\u00e8re. M. Boulanger peint aussi en pleine nature, notamment dans le parc des Laurentides. Il lui est d\u00e9j\u00e0 arriv\u00e9 d\u2019\u00eatre observ\u00e9 par des ours noirs. Ceux-ci \u00e9taient toutefois plus int\u00e9ress\u00e9s par son sandwich que par ses pinceaux. Ce genre de rencontre lui est arriv\u00e9 plus qu\u2019une seule fois.<\/p>\n<p>\u00abQuand j\u2019embarque dans mon tableau, il n\u2019y a plus rien qui existe autour. C\u2019est \u00e7a, l\u2019affaire\u00bb, a-t-il partag\u00e9 quand Le Journal est all\u00e9 le visiter dans son atelier-galerie.<\/p>\n<p>Apr\u00e8s 50 ans de m\u00e9tier, G\u00e9rard Boulanger ne court pas apr\u00e8s la notori\u00e9t\u00e9. C\u2019est elle qui vient \u00e0 lui.<\/p>\n<p>          <img  alt=\"Une magnifique \u0153uvre de l\u2019artiste.\" class=\"lazyload\"\/><\/p>\n<p>\n                                            Une magnifique \u0153uvre de l\u2019artiste.<\/p>\n<p>                                                    Photo G\u00c9RARD BOULANGER<\/p>\n<p>\u00abMoi, mon plaisir, c\u2019est peindre. Apr\u00e8s 4-5 jours, quand je ne peins pas, j\u2019angoisse. J\u2019en ai besoin. \u00c7a fait du bien.\u00bb<\/p>\n<p><strong>Un parcours unique<\/strong><\/p>\n<p>Dipl\u00f4m\u00e9 en dessin industriel, il a d\u2019abord travaill\u00e9 pour des firmes d\u2019ing\u00e9nieur, jusqu\u2019\u00e0 ce que sa passion se r\u00e9v\u00e8le. Dans ses temps libres, il a fr\u00e9quent\u00e9 l\u2019Acad\u00e9mie des beaux-arts Silvia Araya, sur la Grande All\u00e9e, o\u00f9 on a vite remarqu\u00e9 son talent. \u00c0 un point tel qu\u2019il est devenu adjoint et professeur avant de lancer sa propre \u00e9cole de peinture, \u00e0 Cap-Rouge, qui continue d\u2019accueillir des \u00e9l\u00e8ves.<\/p>\n<p>Ses \u0153uvres sont collectionn\u00e9es au Canada et \u00e0 l\u2019international, notamment en France, aux \u00c9tats-Unis, en Am\u00e9rique du Sud et en Asie.<\/p>\n<p>G\u00e9rard Boulanger a \u00e9t\u00e9 pr\u00e9sident d\u2019honneur de plus de 25 symposiums au Qu\u00e9bec. Il a \u00e9t\u00e9 nomm\u00e9 au Temple de la renomm\u00e9e du Symposium de Danville en 2019 pour sa contribution exceptionnelle aux arts visuels du Qu\u00e9bec. Certains de ses tableaux ont aussi \u00e9t\u00e9 publi\u00e9s dans un ouvrage collectif rendant hommage au fleuve Saint-Laurent.<\/p>\n<p>  <strong>Guy Lafleur parmi ses collectionneurs<\/strong><\/p>\n<p><strong>On retrouve les \u0153uvres de l\u2019artiste dans plusieurs collections priv\u00e9es et corporatives au Qu\u00e9bec et ailleurs. Le d\u00e9funt Guy Lafleur \u00e9tait un grand amateur de G\u00e9rard Boulanger.<\/strong><\/p>\n<p>\u00abUn jour o\u00f9 j\u2019exposais \u00e0 la galerie du Ch\u00e2teau Frontenac, je re\u00e7ois un appel: \u201cM. Boulanger, je viens de me porter acqu\u00e9reur de huit de vos tableaux.\u201d Je lui demande: \u201cVous \u00eates monsieur qui?\u201d Il me r\u00e9pond: \u201cJe suis Guy Lafleur.\u201d Moi: \u201cPas Guy Lafleur, le joueur de hockey?\u201d Il dit: \u201cOui! Je suis avec mon \u00e9pouse, Lise. Je suis tomb\u00e9 en amour avec vos tableaux. J\u2019aimerais \u00e7a vous rencontrer\u201d, se souvient M. Boulanger comme si c\u2019\u00e9tait hier.<\/p>\n<p>          <img  alt=\"En ao\u00fbt 1983, avec Guy Lafleur.\" class=\"lazyload\"\/><\/p>\n<p>\n                                            En ao\u00fbt 1983, avec Guy Lafleur.<\/p>\n<p>                                                    Photo G\u00c9RARD BOULANGER<\/p>\n<p>M. Boulanger avait pour ainsi dire la main sur la poign\u00e9e de porte. Il s\u2019appr\u00eatait \u00e0 quitter son domicile pour aller rendre visite \u00e0 son \u00e9pouse, \u00e0 l\u2019h\u00f4pital, puisqu\u2019elle avait donn\u00e9 naissance \u00e0 leur fille la veille.<\/p>\n<p>\u00abJe me suis mis en route pour le Vieux-Qu\u00e9bec, un vendredi apr\u00e8s-midi. Quand je suis arriv\u00e9 au Ch\u00e2teau, il m\u2019attendait. Ce fut une belle rencontre\u00bb, a-t-il partag\u00e9.<\/p>\n<p>Quelques ann\u00e9es plus tard, le m\u00eame sc\u00e9nario s\u2019est r\u00e9p\u00e9t\u00e9. Cette fois-ci, Guy Lafleur \u00e9tait accompagn\u00e9 de son beau-p\u00e8re, Roger Barr\u00e9, de Barr\u00e9 Automobiles. Il venait encore une fois d\u2019acqu\u00e9rir des tableaux.<\/p>\n<p>\u00abJe m\u2019\u00e9tais aussi rendu au Ch\u00e2teau, mais avec la circulation, c\u2019\u00e9tait compliqu\u00e9. Quand je suis arriv\u00e9, je l\u2019ai vu partir en voiture sport. Il m\u2019a salu\u00e9 en disant: \u201cD\u00e9sol\u00e9 G\u00e9rard, je suis press\u00e9.\u201d\u00bb<\/p>\n<p>\u00abOn s\u2019est revus une quinzaine d\u2019ann\u00e9es plus tard. Un matin, au printemps, j\u2019avais d\u00e9cid\u00e9 d\u2019aller peindre sa cabane \u00e0 sucre sur le chemin du Roy, \u00e0 Saint-Augustin. Par hasard, il est arriv\u00e9 sur l\u2019heure du d\u00eener voir son personnel qui pr\u00e9parait la saison des sucres. Il \u00e9tait tellement content de me revoir. \u00c9videmment, il a achet\u00e9 mon tableau et il s\u2019est inform\u00e9 de moi. Il m\u2019a demand\u00e9 comment \u00e7a allait pour ma fille. C\u2019\u00e9tait incroyable qu\u2019il se souvienne de \u00e7a! C\u2019\u00e9tait Guy Lafleur! \u00c0 son d\u00e9c\u00e8s, plusieurs personnes ont dit qu\u2019il se souvenait des gens, et c\u2019est bien vrai.\u00bb<\/p>\n<p><strong>Vous avez des informations \u00e0 nous communiquer \u00e0 propos de cette histoire?<\/strong><\/p>\n<p>\u00c9crivez-nous \u00e0 l&rsquo;adresse <a class=\"mail\" id=\"scoopEmail\" href=\"\" target=\"_blank\"\/> ou appelez-nous directement au <a class=\"tel\" href=\"https:\/\/www.tvanouvelles.ca\/2025\/12\/31\/tel:18006372667\" target=\"_blank\" rel=\"noopener\">1 800-63SCOOP<\/a>.<\/p>\n","protected":false},"excerpt":{"rendered":"La ville de Qu\u00e9bec est un mod\u00e8le inspirant pour les artistes-peintres comme G\u00e9rard Boulanger, qui ne se lasse&hellip;\n","protected":false},"author":2,"featured_media":660980,"comment_status":"","ping_status":"","sticky":false,"template":"","format":"standard","meta":{"footnotes":""},"categories":[1358],"tags":[1348,1384,1385,1386,58,59,1011,27],"class_list":{"0":"post-660979","1":"post","2":"type-post","3":"status-publish","4":"format-standard","5":"has-post-thumbnail","7":"category-arts-et-design","8":"tag-arts","9":"tag-arts-and-design","10":"tag-arts-et-design","11":"tag-design","12":"tag-divertissement","13":"tag-entertainment","14":"tag-fr","15":"tag-france"},"share_on_mastodon":{"url":"https:\/\/pubeurope.com\/@fr\/115888769132471755","error":""},"_links":{"self":[{"href":"https:\/\/www.europesays.com\/fr\/wp-json\/wp\/v2\/posts\/660979","targetHints":{"allow":["GET"]}}],"collection":[{"href":"https:\/\/www.europesays.com\/fr\/wp-json\/wp\/v2\/posts"}],"about":[{"href":"https:\/\/www.europesays.com\/fr\/wp-json\/wp\/v2\/types\/post"}],"author":[{"embeddable":true,"href":"https:\/\/www.europesays.com\/fr\/wp-json\/wp\/v2\/users\/2"}],"replies":[{"embeddable":true,"href":"https:\/\/www.europesays.com\/fr\/wp-json\/wp\/v2\/comments?post=660979"}],"version-history":[{"count":0,"href":"https:\/\/www.europesays.com\/fr\/wp-json\/wp\/v2\/posts\/660979\/revisions"}],"wp:featuredmedia":[{"embeddable":true,"href":"https:\/\/www.europesays.com\/fr\/wp-json\/wp\/v2\/media\/660980"}],"wp:attachment":[{"href":"https:\/\/www.europesays.com\/fr\/wp-json\/wp\/v2\/media?parent=660979"}],"wp:term":[{"taxonomy":"category","embeddable":true,"href":"https:\/\/www.europesays.com\/fr\/wp-json\/wp\/v2\/categories?post=660979"},{"taxonomy":"post_tag","embeddable":true,"href":"https:\/\/www.europesays.com\/fr\/wp-json\/wp\/v2\/tags?post=660979"}],"curies":[{"name":"wp","href":"https:\/\/api.w.org\/{rel}","templated":true}]}}