{"id":660984,"date":"2026-01-13T16:40:21","date_gmt":"2026-01-13T16:40:21","guid":{"rendered":"https:\/\/www.europesays.com\/fr\/660984\/"},"modified":"2026-01-13T16:40:21","modified_gmt":"2026-01-13T16:40:21","slug":"lucasfilm-pourrait-explorer-les-exploits-oublies-de-leia","status":"publish","type":"post","link":"https:\/\/www.europesays.com\/fr\/660984\/","title":{"rendered":"Lucasfilm pourrait explorer les exploits oubli\u00e9s de Leia"},"content":{"rendered":"<p class=\"chapo\">Il y a 49 ans, George Lucas a discr\u00e8tement introduit dans la saga Star Wars les bases d&rsquo;une histoire ant\u00e9rieure fascinante. Malgr\u00e9 les d\u00e9cennies \u00e9coul\u00e9es, cette pr\u00e9quelle attendue n\u2019a jamais \u00e9t\u00e9 port\u00e9e \u00e0 l\u2019\u00e9cran, attisant toujours la curiosit\u00e9 des fans.<\/p>\n<p>Tl;dr<\/p>\n<ul>\n<li>Une p\u00e9riode myst\u00e9rieuse de la jeunesse de Leia Organa reste largement inexplor\u00e9e malgr\u00e9 son r\u00f4le central dans la R\u00e9bellion.<\/li>\n<li>Une r\u00e9plique de C-3PO dans Un nouvel espoir laisse entendre des missions clandestines jamais montr\u00e9es \u00e0 l\u2019\u00e9cran.<\/li>\n<li>Lucasfilm pourrait d\u00e9velopper ces exploits via des comics, romans ou r\u00e9cits courts pour enrichir le canon et le lore de la saga.<\/li>\n<\/ul>\n<p>Un pan myst\u00e9rieux de l\u2019histoire de Leia Organa<\/p>\n<p>Au fil des d\u00e9cennies, la saga <a href=\"https:\/\/www.24matins.fr\/le-futur-de-star-wars-passera-desormais-par-dave-filoni-et-lynwen-brennan-1401084\" target=\"_blank\" rel=\"noopener\"><strong>Star Wars<\/strong><\/a> n\u2019a cess\u00e9 de s\u2019\u00e9tendre, offrant aux fans une myriade d\u2019aventures, de personnages et d\u2019arcs narratifs \u00e0 explorer. Pourtant, malgr\u00e9 l\u2019abondance de d\u00e9tails r\u00e9v\u00e9l\u00e9s sur l\u2019univers et ses figures embl\u00e9matiques, certains aspects demeurent \u00e9tonnamment opaques. C\u2019est notamment le cas d\u2019une p\u00e9riode pr\u00e9cise de la vie de Leia Organa, rest\u00e9e largement dans l\u2019ombre alors m\u00eame que son r\u00f4le au sein de la R\u00e9bellion est d\u00e9sormais l\u00e9gendaire.<\/p>\n<p>Les non-dits du premier volet de la trilogie originale<\/p>\n<p>D\u00e8s les premi\u00e8res minutes de Star Wars, \u00e9pisode IV : Un nouvel espoir, une simple remarque de C-3PO intrigue : \u00ab\u00a0Il n\u2019y aura pas d\u2019\u00e9chappatoire pour la princesse cette fois\u00a0\u00bb. Cette r\u00e9plique, anodine \u00e0 sa sortie en 1977, prenait alors la forme d\u2019un clin d\u2019\u0153il \u00e0 un pass\u00e9 d\u00e9j\u00e0 bien rempli pour Leia \u2013 sans que le spectateur ne s\u2019attarde. Mais avec le recul et l\u2019expansion massive du lore par les films, romans ou s\u00e9ries comme Obi-Wan Kenobi, cette phrase laisse songeur : \u00e0 quelles p\u00e9rilleuses missions \u00e9chapp\u00e9es fait-elle r\u00e9f\u00e9rence ? D\u2019autant plus qu\u2019aucune \u0153uvre majeure ne montre Leia poursuivie \u00e0 ce point par l\u2019Empire avant ce moment-cl\u00e9.<\/p>\n<p>L\u2019absence d\u2019adaptations centr\u00e9es sur ces exploits<\/p>\n<p>Les apparitions ult\u00e9rieures de Leia, que ce soit dans des \u00e9pisodes tels que \u00ab\u00a0A Princess on Lothal\u00a0\u00bb (Rebels) ou les \u0153uvres litt\u00e9raires r\u00e9centes, d\u00e9voilent certes sa bravoure et son implication grandissante. Toutefois, elles n\u2019offrent aucun \u00e9clairage sur les fameuses \u00ab\u00a0fuites\u00a0\u00bb \u00e9voqu\u00e9es par C-3PO. On comprend alors que durant ses ann\u00e9es au S\u00e9nat imp\u00e9rial \u2014 et gr\u00e2ce \u00e0 la confiance in\u00e9branlable de Bail Organa \u2014 elle aurait multipli\u00e9 les actes clandestins au profit de la R\u00e9bellion\u2026 mais sans jamais qu\u2019on ne voie ces aventures risqu\u00e9es port\u00e9es \u00e0 l\u2019\u00e9cran.<\/p>\n<p>Pour rendre ces zones d\u2019ombre plus concr\u00e8tes, plusieurs pistes pourraient \u00eatre envisag\u00e9es par Lucasfilm. Certes, il para\u00eet peu probable qu\u2019un film ou une s\u00e9rie enti\u00e8re soit consacr\u00e9e \u00e0 une jeune Leia : l\u2019agenda actuel du studio regarde ailleurs, loin de la Guerre Civile Galactique. N\u00e9anmoins, il resterait pertinent d\u2019explorer ces missions in\u00e9dites via :<\/p>\n<ul>\n<li>Une s\u00e9rie de comics d\u00e9di\u00e9e ;<\/li>\n<li>Des romans \u00e9toffant sa relation avec Bail Organa et sa formation politique ;<\/li>\n<li>Des r\u00e9cits courts illustrant ses talents pr\u00e9coces d\u2019espionne.<\/li>\n<\/ul>\n<p>L\u2019\u00e9toffe d\u2019une h\u00e9ro\u00efne encore \u00e0 d\u00e9voiler ?<\/p>\n<p>Malgr\u00e9 ses dix-neuf ans lors des \u00e9v\u00e9nements fondateurs, Leia fait d\u00e9j\u00e0 preuve d\u2019une maturit\u00e9 saisissante et d\u2019une d\u00e9termination farouche. On devine qu\u2019avant m\u00eame la livraison des plans de l\u2019\u00c9toile Noire \u00e0 Obi-Wan sur Tatooine \u2014 acte fondamental pour la saga \u2014 elle a travers\u00e9 maints dangers qui m\u00e9riteraient enfin leur place dans le canon. Si rien n\u2019indique aujourd\u2019hui que nous verrons un jour ces exploits \u00ab hors-champ \u00bb, le potentiel narratif reste immense\u2026 et continue d\u2019alimenter discussions et sp\u00e9culations chez les fans inconditionnels du mythe galactique.<\/p>\n","protected":false},"excerpt":{"rendered":"Il y a 49 ans, George Lucas a discr\u00e8tement introduit dans la saga Star Wars les bases d&rsquo;une&hellip;\n","protected":false},"author":2,"featured_media":648377,"comment_status":"","ping_status":"","sticky":false,"template":"","format":"standard","meta":{"footnotes":""},"categories":[1354],"tags":[58,59,1346,1011,27,1360],"class_list":{"0":"post-660984","1":"post","2":"type-post","3":"status-publish","4":"format-standard","5":"has-post-thumbnail","7":"category-films","8":"tag-divertissement","9":"tag-entertainment","10":"tag-films","11":"tag-fr","12":"tag-france","13":"tag-movies"},"share_on_mastodon":{"url":"https:\/\/pubeurope.com\/@fr\/115888784835258308","error":""},"_links":{"self":[{"href":"https:\/\/www.europesays.com\/fr\/wp-json\/wp\/v2\/posts\/660984","targetHints":{"allow":["GET"]}}],"collection":[{"href":"https:\/\/www.europesays.com\/fr\/wp-json\/wp\/v2\/posts"}],"about":[{"href":"https:\/\/www.europesays.com\/fr\/wp-json\/wp\/v2\/types\/post"}],"author":[{"embeddable":true,"href":"https:\/\/www.europesays.com\/fr\/wp-json\/wp\/v2\/users\/2"}],"replies":[{"embeddable":true,"href":"https:\/\/www.europesays.com\/fr\/wp-json\/wp\/v2\/comments?post=660984"}],"version-history":[{"count":0,"href":"https:\/\/www.europesays.com\/fr\/wp-json\/wp\/v2\/posts\/660984\/revisions"}],"wp:featuredmedia":[{"embeddable":true,"href":"https:\/\/www.europesays.com\/fr\/wp-json\/wp\/v2\/media\/648377"}],"wp:attachment":[{"href":"https:\/\/www.europesays.com\/fr\/wp-json\/wp\/v2\/media?parent=660984"}],"wp:term":[{"taxonomy":"category","embeddable":true,"href":"https:\/\/www.europesays.com\/fr\/wp-json\/wp\/v2\/categories?post=660984"},{"taxonomy":"post_tag","embeddable":true,"href":"https:\/\/www.europesays.com\/fr\/wp-json\/wp\/v2\/tags?post=660984"}],"curies":[{"name":"wp","href":"https:\/\/api.w.org\/{rel}","templated":true}]}}