{"id":660999,"date":"2026-01-13T16:49:19","date_gmt":"2026-01-13T16:49:19","guid":{"rendered":"https:\/\/www.europesays.com\/fr\/660999\/"},"modified":"2026-01-13T16:49:19","modified_gmt":"2026-01-13T16:49:19","slug":"saint-just-malmont-le-maire-assemble-le-puzzle-de-lavenir-communal","status":"publish","type":"post","link":"https:\/\/www.europesays.com\/fr\/660999\/","title":{"rendered":"Saint-Just-Malmont : le maire assemble le puzzle de l\u2019avenir communal"},"content":{"rendered":"<p>\t\t\t\t\t\t\t\t\t\t\t\t\t\t\t\t\t\t\t\t\t\t\t\t\t\t\t\t\t\t\t\t\t\t\t\t\t\t\t\t\t\t\t\t\t\t\t\t\t\t\t\t\t\t\t\t\t\t\t\t\t\t\t<a href=\"https:\/\/www.lacommere43.fr\/component\/banners\/click\/1754.html\" target=\"_blank\" title=\"Annonces l\u00e9gales Une\" rel=\"noopener\"><br \/>\n\t\t\t\t\t\t\t<img decoding=\"async\" loading=\"lazy\" src=\"https:\/\/www.europesays.com\/fr\/wp-content\/uploads\/2025\/07\/CARRE.gif\" alt=\"Annonces l\u00e9gales Une\"\/><br \/>\n\t\t\t\t\t\t<\/a><\/p>\n<p><strong>\u00c0 l\u2019occasion de la c\u00e9r\u00e9monie des v\u0153ux 2026 ayant rassembl\u00e9 plus de 200 personnes, le maire de Saint-Just-Malmont, Fr\u00e9d\u00e9ric Girodet, a pr\u00e9sent\u00e9 ses perspectives pour la commune en s\u2019appuyant sur une m\u00e9taphore : celle du puzzle. Une image choisie pour illustrer le d\u00e9veloppement du territoire.<\/strong><\/p>\n<p>Comme chaque ann\u00e9e, la soir\u00e9e a d\u00e9but\u00e9 par la pr\u00e9sentation des chiffres cl\u00e9s de la commune, avant d\u2019entrer dans le c\u0153ur du message. Le maire a alors compar\u00e9 l\u2019action municipale \u00e0 un puzzle \u00e0 assembler pi\u00e8ce par pi\u00e8ce, dans le respect du plan de mandat et avec une vision de long terme.<\/p>\n<p>\u00ab Ce puzzle, personnellement, je m\u2019y consacre depuis 2009 avec une politique coh\u00e9rente, qui ne peut \u00eatre conduite qu\u2019avec de la stabilit\u00e9, tant les projets ont \u00e9t\u00e9 nombreux depuis cette date \u00bb, a-t-il rappel\u00e9.<\/p>\n<p>Le projet municipal a \u00e9t\u00e9 r\u00e9sum\u00e9 en quelques mots : favoriser la coh\u00e9sion, apporter des services suppl\u00e9mentaires \u00e0 la population tel que la maison France services la maison de sant\u00e9, la mairie r\u00e9habilit\u00e9e, dynamiser les commerces locaux et s\u2019appuyer sur une \u00e9quipe municipale motiv\u00e9e et soud\u00e9e.\u00a0<\/p>\n<p>Un bilan de l\u2019ann\u00e9e \u00e9coul\u00e9e a \u00e9t\u00e9 dress\u00e9, mettant en avant plusieurs r\u00e9alisations : le parc paysager du Sambalou, les travaux de la mairie, la requalification du centre-bourg en plusieurs phases, le projet de construction de la gendarmerie, ainsi que l\u2019am\u00e9nagement du stade de Malmont en espace de loisirs. Des investissements qui n\u2019auraient pu voir le jour sans le soutien des partenaires institutionnels : Europe, \u00c9tat, R\u00e9gion, D\u00e9partement.<\/p>\n<p>Enfin, le maire s\u2019est projet\u00e9 vers l\u2019avenir avec un \u00ab puzzle \u00e0 compl\u00e9ter \u00bb pour 2026-2027. Parmi les projets annonc\u00e9s figurent l\u2019acquisition et la d\u00e9molition d\u2019une maison afin de s\u00e9curiser le carrefour de Malmont, la r\u00e9fection des terrains de tennis, le lancement du photovolta\u00efque, la cr\u00e9ation d\u2019une r\u00e9sidence pour personnes \u00e2g\u00e9es autonomes, ainsi que l\u2019extension de la maison de la chasse.<\/p>\n<p>Pour conclure, le maire a partag\u00e9 une citation de Winston Churchill :\u00a0\u00ab Le succ\u00e8s n\u2019est pas final, l\u2019\u00e9chec n\u2019est pas fatal : c\u2019est le courage de continuer qui compte. \u00bb<\/p>\n","protected":false},"excerpt":{"rendered":"\u00c0 l\u2019occasion de la c\u00e9r\u00e9monie des v\u0153ux 2026 ayant rassembl\u00e9 plus de 200 personnes, le maire de Saint-Just-Malmont,&hellip;\n","protected":false},"author":2,"featured_media":661000,"comment_status":"","ping_status":"","sticky":false,"template":"","format":"standard","meta":{"footnotes":""},"categories":[9653],"tags":[1111,2281,11,2430,1777,674,2282,1011,27,2280,2284,2285,2283,12,25,4001],"class_list":{"0":"post-660999","1":"post","2":"type-post","3":"status-publish","4":"format-standard","5":"has-post-thumbnail","7":"category-saint-etienne","8":"tag-actu","9":"tag-actualite-43","10":"tag-actualites","11":"tag-auvergne-rhone-alpes","12":"tag-eu","13":"tag-europe","14":"tag-faits-divers-auvergne","15":"tag-fr","16":"tag-france","17":"tag-information-haute-loire","18":"tag-infos-43","19":"tag-journal-haute-loire","20":"tag-la-commere-43","21":"tag-news","22":"tag-republique-francaise","23":"tag-saint-etienne"},"share_on_mastodon":{"url":"https:\/\/pubeurope.com\/@fr\/115888820362056235","error":""},"_links":{"self":[{"href":"https:\/\/www.europesays.com\/fr\/wp-json\/wp\/v2\/posts\/660999","targetHints":{"allow":["GET"]}}],"collection":[{"href":"https:\/\/www.europesays.com\/fr\/wp-json\/wp\/v2\/posts"}],"about":[{"href":"https:\/\/www.europesays.com\/fr\/wp-json\/wp\/v2\/types\/post"}],"author":[{"embeddable":true,"href":"https:\/\/www.europesays.com\/fr\/wp-json\/wp\/v2\/users\/2"}],"replies":[{"embeddable":true,"href":"https:\/\/www.europesays.com\/fr\/wp-json\/wp\/v2\/comments?post=660999"}],"version-history":[{"count":0,"href":"https:\/\/www.europesays.com\/fr\/wp-json\/wp\/v2\/posts\/660999\/revisions"}],"wp:featuredmedia":[{"embeddable":true,"href":"https:\/\/www.europesays.com\/fr\/wp-json\/wp\/v2\/media\/661000"}],"wp:attachment":[{"href":"https:\/\/www.europesays.com\/fr\/wp-json\/wp\/v2\/media?parent=660999"}],"wp:term":[{"taxonomy":"category","embeddable":true,"href":"https:\/\/www.europesays.com\/fr\/wp-json\/wp\/v2\/categories?post=660999"},{"taxonomy":"post_tag","embeddable":true,"href":"https:\/\/www.europesays.com\/fr\/wp-json\/wp\/v2\/tags?post=660999"}],"curies":[{"name":"wp","href":"https:\/\/api.w.org\/{rel}","templated":true}]}}