{"id":66100,"date":"2025-05-01T04:59:07","date_gmt":"2025-05-01T04:59:07","guid":{"rendered":"https:\/\/www.europesays.com\/fr\/66100\/"},"modified":"2025-05-01T04:59:07","modified_gmt":"2025-05-01T04:59:07","slug":"tout-savoir-sur-le-parcours-du-defile-a-grenoble","status":"publish","type":"post","link":"https:\/\/www.europesays.com\/fr\/66100\/","title":{"rendered":"tout savoir sur le parcours du d\u00e9fil\u00e9 \u00e0 Grenoble"},"content":{"rendered":"<p>            Par<br \/>\n        <strong><br \/>\n            <a href=\"https:\/\/actu.fr\/auteur\/redaction-grenoble\" title=\"Consulter tous les articles de R\u00e9daction Grenoble\" target=\"_blank\" rel=\"noopener\">R\u00e9daction Grenoble<\/a><br \/>\n        <\/strong><\/p>\n<p>        Publi\u00e9 le<\/p>\n<p>            1 mai 2025 \u00e0 6h46        <\/p>\n<p>En r\u00e9ponse \u00e0 l\u2019appel de l\u2019intersyndicale, les syndicats is\u00e9rois (CGT, FO, Solidaires) organisent ce jeudi la traditionnelle manifestation du 1er mai \u00e0 <a href=\"https:\/\/actu.fr\/auvergne-rhone-alpes\/grenoble_38185\" target=\"_blank\" rel=\"noopener\">Grenoble<\/a>.<\/p>\n<p class=\" wall-content\">\u00ab\u00a0En Is\u00e8re, toutes et tous mobilis\u00e9s contre l\u2019\u00e9conomie de guerre, pour la paix, la retraite \u00e0 60 ans, les services publics et l\u2019industrie\u00a0\u00bb, lance la <a href=\"https:\/\/www.facebook.com\/CGT38\" target=\"_blank\" rel=\"noopener\">CGT Is\u00e8re<\/a> sur ses r\u00e9seaux sociaux.<\/p>\n<p class=\" wall-content\">Voici o\u00f9 et quand d\u00e9marre la manifestation dans la capitale des Alpes cette ann\u00e9e.<\/p>\n<p>D\u00e9part \u00e0 10 heures<\/p>\n<p class=\" wall-content\">Rendez-vous est donn\u00e9 \u00e0 10 heures, jeudi 1er mai, au niveau de l\u2019<strong>avenue Alsace-Lorraine<\/strong>, pr\u00e8s de la place de la Gare.<\/p>\n<p>    <a href=\"https:\/\/www.google.com\/maps\/embed?pb=!1m18!1m12!1m3!1d2811.880897109754!2d5.717089776135587!3d45.18950717107083!2m3!1f0!2f0!3f0!3m2!1i1024!2i768!4f13.1!3m3!1m2!1s0x478af48679649455%3A0x4c45067a1f8fc2f0!2sAv.%20Alsace%20Lorraine%2C%2038000%20Grenoble!5e0!3m2!1sfr!2sfr!4v1746018399065!5m2!1sfr!2sfr\" title=\"Ouvrie le lien\" target=\"_blank\" rel=\"noopener\">Cliquez ici pour visualiser le contenu<\/a><\/p>\n<p>Vid\u00e9os : en ce moment sur Actu<\/p>\n<p class=\" wall-content\">Les manifestants s\u2019\u00e9lanceront ensuite vers le boulevard Gambetta et du Mar\u00e9chal-Foch, avant se diriger vers l\u2019anneau de vitesse au parc Paul-Mistral par l\u2019avenue Albert-1er-de-Belgique et le boulevard Clemenceau.<\/p>\n<p class=\" wall-content\">\u00c0 l\u2019arriv\u00e9e, des prises de parole des diff\u00e9rentes organisations syndicales sont pr\u00e9vues, ainsi que des concerts, des stands d\u2019associations et organisations politiques, et une buvette.<\/p>\n<p>S\u00e9curit\u00e9 renforc\u00e9e<\/p>\n<p class=\" wall-content\">Selon un arr\u00eat\u00e9 de la pr\u00e9fecture de l\u2019Is\u00e8re en date du 30 avril concernant la s\u00e9curit\u00e9 de la manifestation, <strong>pr\u00e8s de 3 000 personnes<\/strong> sont attendues pour ce d\u00e9fil\u00e9.<\/p>\n<p class=\" wall-content\">\n<p class=\" wall-content\">Un <strong>dispositif de s\u00e9curit\u00e9<\/strong> particulier va \u00eatre d\u00e9ploy\u00e9 pour assurer le bon d\u00e9roulement de la manifestation, en lien avec les organisateurs, \u00ab\u00a0la pr\u00e9sence d\u2019un groupe hostile de type black bloc [\u00e9tant] susceptible d\u2019agir en marge de la manifestation\u00a0\u00bb, comme cela avait \u00e9t\u00e9 le cas en 2023, pr\u00e9cise l\u2019arr\u00eat\u00e9 pr\u00e9fectoral.<\/p>\n<p>Ailleurs en Is\u00e8re<\/p>\n<p class=\" wall-content\">Outre Grenoble, d\u2019autres d\u00e9fil\u00e9s et \u00e9v\u00e9nements sont pr\u00e9vus en <a href=\"https:\/\/actu.fr\/auvergne-rhone-alpes\/isere_38\" target=\"_blank\" rel=\"noopener\">Is\u00e8re<\/a>\u00a0pour le 1er mai.<\/p>\n<p class=\" wall-content\">Ce sera notamment le cas \u00e0 <a href=\"https:\/\/actu.fr\/auvergne-rhone-alpes\/bourgoin-jallieu_38053\" target=\"_blank\" rel=\"noopener\">Bourgoin-Jallieu<\/a>, avec un d\u00e9part \u00e0 10 heurs de la place Saint-Michel, \u00e0 Roussillon d\u00e8s 10 heures au d\u00e9part du foyer Henri-Barbusse et \u00e0 <a href=\"https:\/\/actu.fr\/auvergne-rhone-alpes\/vienne_38544\" target=\"_blank\" rel=\"noopener\">Vienne<\/a> d\u00e8s 8 heures pour un \u00ab\u00a0vide-grenier participatif\u00a0\u00bb jusqu\u2019\u00e0 18 heures \u00e0 l\u2019Espace Saint-Germain.<\/p>\n<p class=\" wall-content\">Suivez toute l\u2019actualit\u00e9 de vos villes et m\u00e9dias favoris en vous inscrivant \u00e0 <a href=\"https:\/\/moncompte.actu.fr\" title=\"D\u00e9couvez Mon Actu\" rel=\"nofollow noopener\" data-trk=\"{&quot;cta&quot;:{&quot;action&quot;:&quot;https:\\\/\\\/moncompte.actu.fr&quot;,&quot;category&quot;:&quot;mon compte&quot;,&quot;from&quot;:&quot;article footer&quot;,&quot;name&quot;:&quot;Mon actu&quot;,&quot;type&quot;:&quot;cta&quot;}}\" target=\"_blank\">Mon Actu<\/a>.<\/p>\n","protected":false},"excerpt":{"rendered":"Par R\u00e9daction Grenoble Publi\u00e9 le 1 mai 2025 \u00e0 6h46 En r\u00e9ponse \u00e0 l\u2019appel de l\u2019intersyndicale, les syndicats&hellip;\n","protected":false},"author":2,"featured_media":66101,"comment_status":"","ping_status":"","sticky":false,"template":"","format":"standard","meta":{"footnotes":""},"categories":[9566],"tags":[1111,11,2430,1777,674,1011,27,2731,6151,12,25,104,3427],"class_list":{"0":"post-66100","1":"post","2":"type-post","3":"status-publish","4":"format-standard","5":"has-post-thumbnail","7":"category-grenoble","8":"tag-actu","9":"tag-actualites","10":"tag-auvergne-rhone-alpes","11":"tag-eu","12":"tag-europe","13":"tag-fr","14":"tag-france","15":"tag-grenoble","16":"tag-greve","17":"tag-news","18":"tag-republique-francaise","19":"tag-societe","20":"tag-syndicats"},"share_on_mastodon":{"url":"https:\/\/pubeurope.com\/@fr\/114430814686957746","error":""},"_links":{"self":[{"href":"https:\/\/www.europesays.com\/fr\/wp-json\/wp\/v2\/posts\/66100","targetHints":{"allow":["GET"]}}],"collection":[{"href":"https:\/\/www.europesays.com\/fr\/wp-json\/wp\/v2\/posts"}],"about":[{"href":"https:\/\/www.europesays.com\/fr\/wp-json\/wp\/v2\/types\/post"}],"author":[{"embeddable":true,"href":"https:\/\/www.europesays.com\/fr\/wp-json\/wp\/v2\/users\/2"}],"replies":[{"embeddable":true,"href":"https:\/\/www.europesays.com\/fr\/wp-json\/wp\/v2\/comments?post=66100"}],"version-history":[{"count":0,"href":"https:\/\/www.europesays.com\/fr\/wp-json\/wp\/v2\/posts\/66100\/revisions"}],"wp:featuredmedia":[{"embeddable":true,"href":"https:\/\/www.europesays.com\/fr\/wp-json\/wp\/v2\/media\/66101"}],"wp:attachment":[{"href":"https:\/\/www.europesays.com\/fr\/wp-json\/wp\/v2\/media?parent=66100"}],"wp:term":[{"taxonomy":"category","embeddable":true,"href":"https:\/\/www.europesays.com\/fr\/wp-json\/wp\/v2\/categories?post=66100"},{"taxonomy":"post_tag","embeddable":true,"href":"https:\/\/www.europesays.com\/fr\/wp-json\/wp\/v2\/tags?post=66100"}],"curies":[{"name":"wp","href":"https:\/\/api.w.org\/{rel}","templated":true}]}}