{"id":661001,"date":"2026-01-13T16:50:18","date_gmt":"2026-01-13T16:50:18","guid":{"rendered":"https:\/\/www.europesays.com\/fr\/661001\/"},"modified":"2026-01-13T16:50:18","modified_gmt":"2026-01-13T16:50:18","slug":"las-saint-etienne-largement-en-tete-des-affluences-en-ligue-2","status":"publish","type":"post","link":"https:\/\/www.europesays.com\/fr\/661001\/","title":{"rendered":"L\u2019AS Saint-\u00c9tienne largement en t\u00eate des affluences en Ligue 2"},"content":{"rendered":"<p>Port\u00e9e par un public fid\u00e8le et passionn\u00e9, l\u2019AS Saint-\u00c9tienne s\u2019impose comme la r\u00e9f\u00e9rence en mati\u00e8re d\u2019affluence en Ligue 2 BKT. Avec plus de 20 000 abonn\u00e9s et des tribunes toujours bien garnies, le club st\u00e9phanois confirme, \u00e0 mi-saison, son r\u00f4le moteur dans la dynamique positive du championnat.<\/p>\n<p>\u00c0 mi-parcours de la saison, la Ligue 2 BKT affiche des indicateurs tr\u00e8s positifs en mati\u00e8re de fr\u00e9quentation. Les chiffres communiqu\u00e9s ce mardi 13 janvier par la Ligue de Football Professionnelle confirment un regain d\u2019int\u00e9r\u00eat du public pour le championnat, avec des stades plus remplis et une dynamique collective encourageante.<\/p>\n<p>Une fr\u00e9quentation en nette progression<\/p>\n<p>Apr\u00e8s 17 journ\u00e9es disput\u00e9es, <strong>1,18 million de spectateurs<\/strong> ont assist\u00e9 aux rencontres de Ligue 2 BKT. Cela repr\u00e9sente une <strong>hausse de 10 % par rapport \u00e0 la mi-saison pr\u00e9c\u00e9dente<\/strong>, soit <strong>103 000 spectateurs suppl\u00e9mentaires<\/strong>.<\/p>\n<p>Sur les 17 matchs de la phase aller, les Verts en ont jou\u00e9 8 \u00e0 domicile. L\u2019<strong>affluence moyenne par match est de 31 157 spectateurs au stade Geoffroy-Guichard.<\/strong> Au niveau national, la moyenne atteint 7 898 spectateurs. Cette augmentation concerne une large majorit\u00e9 des clubs\u00a0: <strong>14 \u00e9quipes sur 18<\/strong> enregistrent une hausse de leur moyenne.<\/p>\n<p>Comme celui du Forez, trois autres clubs se distinguent particuli\u00e8rement en franchissant la barre symbolique des <strong>10 000 spectateurs en moyenne par match<\/strong>\u00a0: l&rsquo;AS\u00a0Nancy-Lorraine, le SC Bastia et le Stade de Reims.<\/p>\n<p>Des abonnements au plus haut niveau<\/p>\n<p>Autre signal fort de cette dynamique\u00a0: la saison <strong>2025-2026 \u00e9tablit un record historique d\u2019abonnements<\/strong>. La Ligue 2 BKT compte <strong>77 000 abonn\u00e9s<\/strong>, soit une progression de <strong>5 % en un an<\/strong>, avec une moyenne de <strong>4 300 abonn\u00e9s par club<\/strong>. L&rsquo;ASSE en compte 20 113 \u00e0 elle seule.<\/p>\n<p>Le pic d\u2019affluence de la mi-saison a \u00e9t\u00e9 atteint lors de la <strong>4e journ\u00e9e<\/strong>, \u00e0 l\u2019occasion de la rencontre <strong>AS Saint-\u00c9tienne \u2013 Grenoble Foot 38<\/strong>, qui a r\u00e9uni <strong>35 729 spectateurs<\/strong>, meilleure affluence enregistr\u00e9e sur cette premi\u00e8re partie de championnat.<\/p>\n<p>\u00c0 lire aussi   <img decoding=\"async\" src=\"https:\/\/www.europesays.com\/fr\/wp-content\/uploads\/2026\/01\/1768323018_516_400x400.jpeg\" alt=\"\" style=\"--_image-preview:url('data:image\/jpeg;base64,\/9j\/2wBDACgcHiMeGSgjISMtKygwPGRBPDc3PHtYXUlkkYCZlo+AjIqgtObDoKrarYqMyP\/L2u71\/\/\/\/m8H\/\/\/\/6\/+b9\/\/j\/2wBDASstLTw1PHZBQXb4pYyl+Pj4+Pj4+Pj4+Pj4+Pj4+Pj4+Pj4+Pj4+Pj4+Pj4+Pj4+Pj4+Pj4+Pj4+Pj4+Pj4+Pj\/wAARCAAqACoDASIAAhEBAxEB\/8QAGAAAAwEBAAAAAAAAAAAAAAAAAQIDAAT\/xAAYEAEBAQEBAAAAAAAAAAAAAAAAAgESEf\/EABcBAQEBAQAAAAAAAAAAAAAAAAIBAAP\/xAAWEQEBAQAAAAAAAAAAAAAAAAAAARH\/2gAMAwEAAhEDEQA\/AOPJPkDOKzKwSTCkyfJHwxrYYresLnlWdc+UfLHHR0ZobqPbbbIptB0ltl7XUxLoeiMtI\/bbaYBWPth0TQRn\/9k=');\" loading=\"lazy\" fetchpriority=\"low\" aria-hidden=\"true\" class=\"svelte-1cksh76 rounded\" onload=\"this.__e=event\" onerror=\"this.__e=event\"\/><\/p>\n","protected":false},"excerpt":{"rendered":"Port\u00e9e par un public fid\u00e8le et passionn\u00e9, l\u2019AS Saint-\u00c9tienne s\u2019impose comme la r\u00e9f\u00e9rence en mati\u00e8re d\u2019affluence en Ligue&hellip;\n","protected":false},"author":2,"featured_media":661002,"comment_status":"","ping_status":"","sticky":false,"template":"","format":"standard","meta":{"footnotes":""},"categories":[9653],"tags":[1111,11,2430,1777,674,1011,27,12,25,4001],"class_list":{"0":"post-661001","1":"post","2":"type-post","3":"status-publish","4":"format-standard","5":"has-post-thumbnail","7":"category-saint-etienne","8":"tag-actu","9":"tag-actualites","10":"tag-auvergne-rhone-alpes","11":"tag-eu","12":"tag-europe","13":"tag-fr","14":"tag-france","15":"tag-news","16":"tag-republique-francaise","17":"tag-saint-etienne"},"share_on_mastodon":{"url":"https:\/\/pubeurope.com\/@fr\/115888824312049487","error":""},"_links":{"self":[{"href":"https:\/\/www.europesays.com\/fr\/wp-json\/wp\/v2\/posts\/661001","targetHints":{"allow":["GET"]}}],"collection":[{"href":"https:\/\/www.europesays.com\/fr\/wp-json\/wp\/v2\/posts"}],"about":[{"href":"https:\/\/www.europesays.com\/fr\/wp-json\/wp\/v2\/types\/post"}],"author":[{"embeddable":true,"href":"https:\/\/www.europesays.com\/fr\/wp-json\/wp\/v2\/users\/2"}],"replies":[{"embeddable":true,"href":"https:\/\/www.europesays.com\/fr\/wp-json\/wp\/v2\/comments?post=661001"}],"version-history":[{"count":0,"href":"https:\/\/www.europesays.com\/fr\/wp-json\/wp\/v2\/posts\/661001\/revisions"}],"wp:featuredmedia":[{"embeddable":true,"href":"https:\/\/www.europesays.com\/fr\/wp-json\/wp\/v2\/media\/661002"}],"wp:attachment":[{"href":"https:\/\/www.europesays.com\/fr\/wp-json\/wp\/v2\/media?parent=661001"}],"wp:term":[{"taxonomy":"category","embeddable":true,"href":"https:\/\/www.europesays.com\/fr\/wp-json\/wp\/v2\/categories?post=661001"},{"taxonomy":"post_tag","embeddable":true,"href":"https:\/\/www.europesays.com\/fr\/wp-json\/wp\/v2\/tags?post=661001"}],"curies":[{"name":"wp","href":"https:\/\/api.w.org\/{rel}","templated":true}]}}