{"id":661005,"date":"2026-01-13T16:52:15","date_gmt":"2026-01-13T16:52:15","guid":{"rendered":"https:\/\/www.europesays.com\/fr\/661005\/"},"modified":"2026-01-13T16:52:15","modified_gmt":"2026-01-13T16:52:15","slug":"justice-cours-dappel-de-metz-et-nancy-des-renforcements-historiques","status":"publish","type":"post","link":"https:\/\/www.europesays.com\/fr\/661005\/","title":{"rendered":"Justice. Cours d\u2019appel de Metz et Nancy\u00a0: des \u00ab\u00a0renforcements historiques\u00a0\u00bb"},"content":{"rendered":"<p>Il y aura des postes suppl\u00e9mentaires au sein des cours d\u2019appel de Metz et de Nancy. C\u2019est ce qu\u2019a annonc\u00e9 le <a href=\"https:\/\/www.lasemaine.fr\/politique\/le-grand-entretien-frederic-dabi-gerald-darmanin-va-chercher-a-sarkoyser-le-ministere-de-la-justice\/\" data-type=\"post\" data-id=\"331931\" target=\"_blank\" rel=\"noopener\">garde des Sceaux et ministre de la Justice, G\u00e9rald Darmanin<\/a>, \u00e0 l\u2019occasion des rentr\u00e9es solennelles des juridictions. Dans le cadre de la loi d\u2019orientation et de programmation\u00a02023-2027 du minist\u00e8re de la Justice, est pr\u00e9vu en effet le recrutement au niveau national de 1\u00a0500\u00a0magistrats, 1\u00a0800\u00a0greffiers et 1\u00a0100\u00a0attach\u00e9s de justice sur cette p\u00e9riode. Des recrutements qui sont d\u00e9j\u00e0 mis en place depuis 2023 \u00ab\u00a0gr\u00e2ce \u00e0 des hausses budg\u00e9taires continues et historiques\u00a0\u00bb, commente le minist\u00e8re.\u00a0<\/p>\n<p>Plus de 50\u00a0magistrats et 80\u00a0greffiers recrut\u00e9s en Lorraine<\/p>\n<p>Qu\u2019en est-il en Lorraine\u00a0? Selon les chiffres du minist\u00e8re de la Justice, 39\u00a0attach\u00e9s de justice sont arriv\u00e9s en renfort, entre 2017 et 2025, au sein de la Cour d\u2019appel de Metz. Il y a eu durant cette p\u00e9riode une augmentation du nombre de magistrats (+9\u00a0%, soit 12\u00a0magistrats suppl\u00e9mentaires) et de greffiers (+21\u00a0%, soit 41\u00a0greffiers suppl\u00e9mentaires). D\u2019ici 2027, l\u2019\u00c9tat pr\u00e9voit \u00e0 Metz une augmentation des effectifs de 26\u00a0% de magistrats (soit 36\u00a0magistrats en plus) et de 29\u00a0% de greffiers (soit 57\u00a0greffiers en plus).\u00a0<\/p>\n<p><img data-lazyloaded=\"1\" decoding=\"async\" src=\"https:\/\/www.europesays.com\/fr\/wp-content\/uploads\/2026\/01\/Capturedecran2026-01-13a15.23.16-893x1024.png\" alt=\"\"\/>\u00a9Minist\u00e8re de la Justice<\/p>\n<p>\u00c0 Nancy, sur la m\u00eame p\u00e9riode, 18\u00a0magistrats ont \u00e9t\u00e9 recrut\u00e9s (soit une hausse de 11\u00a0%) ainsi que 18\u00a0greffiers (+10\u00a0%). 44 attach\u00e9s de justice sont arriv\u00e9s en renfort. La projection de l\u2019augmentation des effectifs d\u2019ici 2027 au sein de la <a href=\"https:\/\/www.lasemaine.fr\/non-classe\/cour-dappel-de-nancy-regis-gauthier-elu-president-de-la-chambre-interdepartementale-des-notaires\/\" data-type=\"post\" data-id=\"228618\" target=\"_blank\" rel=\"noopener\">Cour d\u2019appel de Nancy<\/a> est la suivante, selon le minist\u00e8re de la Justice\u00a0: +27\u00a0% de magistrats suppl\u00e9mentaires (soit 42\u00a0magistrats recrut\u00e9s) et + 27\u00a0% de greffiers suppl\u00e9mentaires (soit 48\u00a0greffiers recrut\u00e9s).\u00a0<\/p>\n<p><img data-lazyloaded=\"1\" decoding=\"async\" src=\"https:\/\/www.europesays.com\/fr\/wp-content\/uploads\/2026\/01\/Capturedecran2026-01-13a15.03.45-869x1024.png\" alt=\"\"\/>\u00a9Minist\u00e8re de la Justice<\/p>\n<p>Au 1er\u00a0d\u00e9cembre\u00a02025, le minist\u00e8re de la Justice estime l\u2019arriv\u00e9e de ces \u00ab\u00a0renforts p\u00e9rennes\u00a0\u00bb\u00a0en juridictions comme suit\u00a0: 489 magistrats suppl\u00e9mentaires, 571\u00a0greffiers et 1100\u00a0attach\u00e9s de justice. \u00ab\u00a0Cet investissement in\u00e9dit dans la Justice, qui se traduit par une hausse continue du nombre de personnels de justice, se poursuit, avec un nombre record de futurs magistrats et greffiers en formation au sein de l\u2019\u00c9cole nationale de la magistrature (ENM) et de l\u2019\u00c9cole nationale des greffes (ENG)\u00a0: 1\u00a0202 auditeurs de justice actuellement en formation initiale et 833\u00a0greffiers stagiaires en cours de formation \u00bb, conclut le minist\u00e8re de la Justice dans un communiqu\u00e9.\u00a0<\/p>\n","protected":false},"excerpt":{"rendered":"Il y aura des postes suppl\u00e9mentaires au sein des cours d\u2019appel de Metz et de Nancy. C\u2019est ce&hellip;\n","protected":false},"author":2,"featured_media":661006,"comment_status":"","ping_status":"","sticky":false,"template":"","format":"standard","meta":{"footnotes":""},"categories":[9635],"tags":[1111,11,1777,674,1011,27,775,1702,12,25],"class_list":{"0":"post-661005","1":"post","2":"type-post","3":"status-publish","4":"format-standard","5":"has-post-thumbnail","7":"category-nancy","8":"tag-actu","9":"tag-actualites","10":"tag-eu","11":"tag-europe","12":"tag-fr","13":"tag-france","14":"tag-grand-est","15":"tag-nancy","16":"tag-news","17":"tag-republique-francaise"},"share_on_mastodon":{"url":"https:\/\/pubeurope.com\/@fr\/115888832321062063","error":""},"_links":{"self":[{"href":"https:\/\/www.europesays.com\/fr\/wp-json\/wp\/v2\/posts\/661005","targetHints":{"allow":["GET"]}}],"collection":[{"href":"https:\/\/www.europesays.com\/fr\/wp-json\/wp\/v2\/posts"}],"about":[{"href":"https:\/\/www.europesays.com\/fr\/wp-json\/wp\/v2\/types\/post"}],"author":[{"embeddable":true,"href":"https:\/\/www.europesays.com\/fr\/wp-json\/wp\/v2\/users\/2"}],"replies":[{"embeddable":true,"href":"https:\/\/www.europesays.com\/fr\/wp-json\/wp\/v2\/comments?post=661005"}],"version-history":[{"count":0,"href":"https:\/\/www.europesays.com\/fr\/wp-json\/wp\/v2\/posts\/661005\/revisions"}],"wp:featuredmedia":[{"embeddable":true,"href":"https:\/\/www.europesays.com\/fr\/wp-json\/wp\/v2\/media\/661006"}],"wp:attachment":[{"href":"https:\/\/www.europesays.com\/fr\/wp-json\/wp\/v2\/media?parent=661005"}],"wp:term":[{"taxonomy":"category","embeddable":true,"href":"https:\/\/www.europesays.com\/fr\/wp-json\/wp\/v2\/categories?post=661005"},{"taxonomy":"post_tag","embeddable":true,"href":"https:\/\/www.europesays.com\/fr\/wp-json\/wp\/v2\/tags?post=661005"}],"curies":[{"name":"wp","href":"https:\/\/api.w.org\/{rel}","templated":true}]}}