{"id":661010,"date":"2026-01-13T16:55:10","date_gmt":"2026-01-13T16:55:10","guid":{"rendered":"https:\/\/www.europesays.com\/fr\/661010\/"},"modified":"2026-01-13T16:55:10","modified_gmt":"2026-01-13T16:55:10","slug":"dites-oui-au-salon-du-mariage-la-piece-montee","status":"publish","type":"post","link":"https:\/\/www.europesays.com\/fr\/661010\/","title":{"rendered":"Dites \u00ab Oui \u00bb au salon du mariage \u00ab La Pi\u00e8ce Mont\u00e9e \u00bb"},"content":{"rendered":"<p>\t\t\t\t\t\t\t\tUn salon \u00ab\u00a0boutique\u00a0\u00bb loin des clich\u00e9s<\/p>\n<p data-path-to-node=\"6\">Le rendez-vous est pris au c\u0153ur de l\u2019effervescence montpelli\u00e9raine, dans le cadre industriel et chic de la <b data-path-to-node=\"4\" data-index-in-node=\"107\">Maison du Lez (March\u00e9 du Lez)<\/b>. Port\u00e9 par <b data-path-to-node=\"6\" data-index-in-node=\"10\">Audrey Quenin<\/b>, fondatrice de l\u2019agence \u00e9v\u00e9nementielle Couture, le festival est n\u00e9 d\u2019un constat simple : le besoin de simplicit\u00e9 et de \u00ab\u00a0vrai\u00a0\u00bb.<\/p>\n<blockquote data-path-to-node=\"7\">\n<p data-path-to-node=\"7,0\">\u00ab En 2014, je ne trouvais rien qui me ressemblait pour mon propre mariage. Tout \u00e9tait surfait. J\u2019ai voulu cr\u00e9er un \u00e9v\u00e9nement simple, \u00e9l\u00e9gant et branch\u00e9 \u00bb, confie l\u2019organisatrice.<\/p>\n<\/blockquote>\n<p data-path-to-node=\"8\">Ici, pas de stands impersonnels \u00e0 perte de vue. La s\u00e9lection est rigoureuse : une <b data-path-to-node=\"8\" data-index-in-node=\"82\">vingtaine de prestataires locaux<\/b>, la \u00ab\u00a0cr\u00e8me de la cr\u00e8me\u00a0\u00bb du secteur, ont \u00e9t\u00e9 choisis pour leur savoir-faire et leur esth\u00e9tique tendance.<\/p>\n<p>Les incontournables de cette \u00e9dition :<\/p>\n<ul data-path-to-node=\"10\">\n<li>\n<p data-path-to-node=\"10,0,0\"><b data-path-to-node=\"10,0,0\" data-index-in-node=\"0\">Joaillerie :<\/b> D\u00e9couvrez les cr\u00e9ations de <b data-path-to-node=\"10,0,0\" data-index-in-node=\"40\">Thamys<\/b>, pour des alliances au caract\u00e8re unique.<\/p>\n<\/li>\n<li>\n<p data-path-to-node=\"10,1,0\"><b data-path-to-node=\"10,1,0\" data-index-in-node=\"0\">Gastronomie :<\/b> Rencontrez l\u2019incontournable <b data-path-to-node=\"10,1,0\" data-index-in-node=\"42\">Cabiron Traiteur<\/b> pour une r\u00e9ception qui marque les esprits.<\/p>\n<\/li>\n<li>\n<p data-path-to-node=\"10,2,0\"><b data-path-to-node=\"10,2,0\" data-index-in-node=\"0\">Image :<\/b> \u00c9changez avec le talentueux photographe <b data-path-to-node=\"10,2,0\" data-index-in-node=\"48\">Laurent Villarem<\/b> pour immortaliser vos souvenirs.<\/p>\n<\/li>\n<li>\n<p data-path-to-node=\"10,3,0\"><b data-path-to-node=\"10,3,0\" data-index-in-node=\"0\">Mais aussi :<\/b> Cr\u00e9ateurs de tenues, sc\u00e9nographes boh\u00e8mes, fleuristes, maquilleurs et loueurs de mobilier vintage.<\/p>\n<\/li>\n<\/ul>\n<p>Nouveaut\u00e9 2026 : Apprendre pour mieux c\u00e9l\u00e9brer<\/p>\n<p data-path-to-node=\"13\">Parce que l\u2019organisation d\u2019un mariage est souvent synonyme de stress, cette 11\u00e8me \u00e9dition innove. Pour la premi\u00e8re fois, des <b data-path-to-node=\"13\" data-index-in-node=\"125\">ateliers et masterclass<\/b> viennent ponctuer le week-end.<\/p>\n<p data-path-to-node=\"14\">L\u2019objectif ? Offrir aux couples des outils concrets. <strong>Des experts<\/strong> partageront leurs conseils pratiques pour faire des choix sereins parmi les mille et une questions que pose le \u00ab\u00a0Jour J\u00a0\u00bb. De quoi transformer les pr\u00e9paratifs en un moment de plaisir plut\u00f4t qu\u2019en un casse-t\u00eate logistique.<\/p>\n<ul data-path-to-node=\"21\">\n<li>\n<p data-path-to-node=\"21,0,0\"><b data-path-to-node=\"21,0,0\" data-index-in-node=\"0\">Quoi :<\/b> Festival de mariage \u00ab La Pi\u00e8ce Mont\u00e9e \u00bb<\/p>\n<\/li>\n<li>\n<p data-path-to-node=\"21,1,0\"><b data-path-to-node=\"21,1,0\" data-index-in-node=\"0\">Quand :<\/b> Samedi 7 et dimanche 8 f\u00e9vrier de 10 \u00e0 18h (entr\u00e9e gratuite)<\/p>\n<\/li>\n<li>\n<p data-path-to-node=\"21,2,0\"><b data-path-to-node=\"21,2,0\" data-index-in-node=\"0\">O\u00f9 :<\/b> March\u00e9 du Lez (dans l\u2019ancienne boutique La Maison Pernoise) 1348 avenue Raymond Dugrand \u00e0 Montpellier<\/p>\n<\/li>\n<li>\n<p data-path-to-node=\"21,3,0\"><b data-path-to-node=\"21,3,0\" data-index-in-node=\"0\">Esprit :<\/b> Chic, boh\u00e8me et authentique<\/p>\n<\/li>\n<\/ul>\n<blockquote class=\"instagram-media\" style=\"background: #FFF; border: 0; border-radius: 3px; box-shadow: 0 0 1px 0 rgba(0,0,0,0.5),0 1px 10px 0 rgba(0,0,0,0.15); margin: 1px; max-width: 540px; min-width: 326px; padding: 0; width: calc(100% - 2px);\" data-instgrm-captioned=\"\" data-instgrm-permalink=\"https:\/\/www.instagram.com\/p\/DTNDEO7CM0T\/?utm_source=ig_embed&amp;utm_campaign=loading\" data-instgrm-version=\"14\">\n<\/blockquote>\n<p>\t\t\t\t\t\t\t\t\t\t\t\t\t\t\t<script async src=\"\/\/www.instagram.com\/embed.js\"><\/script><\/p>\n","protected":false},"excerpt":{"rendered":"Un salon \u00ab\u00a0boutique\u00a0\u00bb loin des clich\u00e9s Le rendez-vous est pris au c\u0153ur de l\u2019effervescence montpelli\u00e9raine, dans le cadre&hellip;\n","protected":false},"author":2,"featured_media":661011,"comment_status":"","ping_status":"","sticky":false,"template":"","format":"standard","meta":{"footnotes":""},"categories":[9599],"tags":[1111,11,1777,674,1011,27,2208,12,2680,25],"class_list":{"0":"post-661010","1":"post","2":"type-post","3":"status-publish","4":"format-standard","5":"has-post-thumbnail","7":"category-montpellier","8":"tag-actu","9":"tag-actualites","10":"tag-eu","11":"tag-europe","12":"tag-fr","13":"tag-france","14":"tag-montpellier","15":"tag-news","16":"tag-occitanie","17":"tag-republique-francaise"},"share_on_mastodon":{"url":"https:\/\/pubeurope.com\/@fr\/115888843902767843","error":""},"_links":{"self":[{"href":"https:\/\/www.europesays.com\/fr\/wp-json\/wp\/v2\/posts\/661010","targetHints":{"allow":["GET"]}}],"collection":[{"href":"https:\/\/www.europesays.com\/fr\/wp-json\/wp\/v2\/posts"}],"about":[{"href":"https:\/\/www.europesays.com\/fr\/wp-json\/wp\/v2\/types\/post"}],"author":[{"embeddable":true,"href":"https:\/\/www.europesays.com\/fr\/wp-json\/wp\/v2\/users\/2"}],"replies":[{"embeddable":true,"href":"https:\/\/www.europesays.com\/fr\/wp-json\/wp\/v2\/comments?post=661010"}],"version-history":[{"count":0,"href":"https:\/\/www.europesays.com\/fr\/wp-json\/wp\/v2\/posts\/661010\/revisions"}],"wp:featuredmedia":[{"embeddable":true,"href":"https:\/\/www.europesays.com\/fr\/wp-json\/wp\/v2\/media\/661011"}],"wp:attachment":[{"href":"https:\/\/www.europesays.com\/fr\/wp-json\/wp\/v2\/media?parent=661010"}],"wp:term":[{"taxonomy":"category","embeddable":true,"href":"https:\/\/www.europesays.com\/fr\/wp-json\/wp\/v2\/categories?post=661010"},{"taxonomy":"post_tag","embeddable":true,"href":"https:\/\/www.europesays.com\/fr\/wp-json\/wp\/v2\/tags?post=661010"}],"curies":[{"name":"wp","href":"https:\/\/api.w.org\/{rel}","templated":true}]}}