{"id":661012,"date":"2026-01-13T16:56:11","date_gmt":"2026-01-13T16:56:11","guid":{"rendered":"https:\/\/www.europesays.com\/fr\/661012\/"},"modified":"2026-01-13T16:56:11","modified_gmt":"2026-01-13T16:56:11","slug":"mobilisation-pour-louverture-de-lieux-dhebergement-durgence","status":"publish","type":"post","link":"https:\/\/www.europesays.com\/fr\/661012\/","title":{"rendered":"mobilisation pour l\u2019ouverture de lieux d\u2019h\u00e9bergement d\u2019urgence"},"content":{"rendered":"\n<p>Emmitoufl\u00e9s dans leurs manteaux, les manifestants protestent contre le manque de solutions d\u2019h\u00e9bergement. \u00ab Des personnes dorment jour et nuit dehors, dans le froid et l\u2019indiff\u00e9rence totale \u00bb, d\u00e9nonce Samuel Forest, fondateur de Solidarit\u00e9 partag\u00e9e. Un constat partag\u00e9 par les associations de terrain pr\u00e9sentes, dont SOS M\u00e9diterran\u00e9e, qui alertent sur la saturation des dispositifs existants.<\/p>\n<p>La France conna\u00eet une vague de froid intense depuis le mois de d\u00e9cembre, ayant d\u00e9j\u00e0 caus\u00e9 \u00e0 Montpellier la mort d\u2019un jeune homme de 29 ans le 30 d\u00e9cembre dernier. Dans ce contexte, le plan d\u00e9partemental \u00ab grand froid \u00bb, qui permettrait notamment l\u2019ouverture de places suppl\u00e9mentaires d\u2019h\u00e9bergement, le renforcement des maraudes et la mobilisation de lieux d\u2019accueil exceptionnels, n\u2019a pas \u00e9t\u00e9 d\u00e9clench\u00e9. \u00c0 travers cette mobilisation, le collectif entend interpeller la Mairie pour qu\u2019elle agisse, anticipe et se pr\u00e9pare \u00e0 de futurs \u00e9pisodes de grand froid, afin d\u2019\u00e9viter de nouvelles trag\u00e9dies li\u00e9es au manque de ressources.<\/p>\n<p>Une p\u00e9tition a \u00e9t\u00e9 lanc\u00e9e et a d\u00e9j\u00e0 recueilli pr\u00e8s de 600 signatures. Elle devait \u00eatre remise au maire, Micha\u00ebl Delafosse, mais aucun repr\u00e9sentant du collectif n\u2019a pu \u00eatre re\u00e7u. Les manifestants sont rest\u00e9s \u00e0 l\u2019ext\u00e9rieur, devant les grilles ferm\u00e9es de la mairie.<\/p>\n<p>Si cet appel \u00e0 l\u2019aide s\u2019expriment devant l\u2019h\u00f4tel de ville, la mise \u00e0 l\u2019abri est une comp\u00e9tence qui rel\u00e8ve d\u2019abord de l\u2019\u00c9tat, via la pr\u00e9fecture. Le collectif citoyen compte n\u00e9anmoins sur la Mairie comme acteur de proximit\u00e9, en capacit\u00e9 d\u2019agir \u00ab \u00e0 la marge \u00bb, notamment \u00e0 travers le Plan communal de sauvegarde (PCS) qui permet \u00e0 la commune de mobiliser ponctuellement des locaux, de coordonner les acteurs et de r\u00e9pondre \u00e0 des situations d\u2019urgence. La pression citoyenne est ainsi per\u00e7ue comme un levier lorsque l\u2019\u00c9tat ne d\u00e9clenche pas le plan grand froid, comme c\u2019est le cas actuellement.<\/p>\n<p>\u00ab L\u2019ouverture ponctuelle de locaux municipaux pourrait \u00eatre reproductible \u00bb, confirme Michel Calvo, adjoint aux solidarit\u00e9s, avant de rappeler les limites de l\u2019action municipale : \u00ab On est au bout de notre solidarit\u00e9. On a ouvert 200 pensions de famille, 150 places de logements intercalaires, rachet\u00e9 un h\u00f4tel pour les jeunes avec des titres de s\u00e9jour. On ne peut pas suppl\u00e9er aux comp\u00e9tences de l\u2019\u00c9tat. \u00bb<\/p>\n<p>Les manifestants redoutent les conditions m\u00e9t\u00e9orologiques annonc\u00e9es par M\u00e9t\u00e9o France, avec de fortes pluies attendues dans les prochains jours, une situation particuli\u00e8rement critique pour les personnes \u00e0 la rue en p\u00e9riode de froid.<\/p>\n<p>Le gymnase Gambardella, am\u00e9nag\u00e9 le 4 janvier apr\u00e8s la vague de grand froid, a depuis ferm\u00e9 ses portes. En parall\u00e8le, les places en foyers restent limit\u00e9es, et certaines personnes sans domicile ne s\u2019y sentent pas \u00e0 l\u2019aise ou ne parviennent pas \u00e0 y acc\u00e9der. Pour beaucoup, ces r\u00e9ponses ponctuelles apparaissent inadapt\u00e9es face \u00e0 l\u2019ampleur de la situation. \u00ab Ils n\u2019ont ouvert que quatre jours, ce n\u2019est pas assez. Il existe d\u2019autres solutions, comme Coallia, mais il n\u2019y a pas beaucoup de logements. Tu passes la journ\u00e9e \u00e0 l\u2019abri, puis tu te retrouves dehors la nuit \u00bb, t\u00e9moigne Bruno.<\/p>\n<p>Si l\u2019hiver appelle une action urgente et imm\u00e9diate, Fatima, \u00e0 la rue depuis une vingtaine d\u2019ann\u00e9es, tout comme ce collectif de citoyens, rappellent que la question de la mise \u00e0 l\u2019abri ne devrait pas se poser uniquement en p\u00e9riode d\u2019intemp\u00e9ries, mais tout au long de l\u2019ann\u00e9e.<\/p>\n<p>Souhaitant prolonger la mobilisation au-del\u00e0 de ce rassemblement, les organisateurs annoncent une r\u00e9union publique sur le sans-abrisme ce mercredi 14 janvier \u00e018 h30, \u00e0 la Maison des Ch\u00f4meurs, 4 rue Adolphe Mion (proche place Carnot).<\/p>\n","protected":false},"excerpt":{"rendered":"Emmitoufl\u00e9s dans leurs manteaux, les manifestants protestent contre le manque de solutions d\u2019h\u00e9bergement. \u00ab Des personnes dorment jour&hellip;\n","protected":false},"author":2,"featured_media":661013,"comment_status":"","ping_status":"","sticky":false,"template":"","format":"standard","meta":{"footnotes":""},"categories":[9599],"tags":[1111,11,1777,674,1011,27,2208,12,2680,25,76253],"class_list":{"0":"post-661012","1":"post","2":"type-post","3":"status-publish","4":"format-standard","5":"has-post-thumbnail","7":"category-montpellier","8":"tag-actu","9":"tag-actualites","10":"tag-eu","11":"tag-europe","12":"tag-fr","13":"tag-france","14":"tag-montpellier","15":"tag-news","16":"tag-occitanie","17":"tag-republique-francaise","18":"tag-uhu"},"share_on_mastodon":{"url":"https:\/\/pubeurope.com\/@fr\/115888847858564141","error":""},"_links":{"self":[{"href":"https:\/\/www.europesays.com\/fr\/wp-json\/wp\/v2\/posts\/661012","targetHints":{"allow":["GET"]}}],"collection":[{"href":"https:\/\/www.europesays.com\/fr\/wp-json\/wp\/v2\/posts"}],"about":[{"href":"https:\/\/www.europesays.com\/fr\/wp-json\/wp\/v2\/types\/post"}],"author":[{"embeddable":true,"href":"https:\/\/www.europesays.com\/fr\/wp-json\/wp\/v2\/users\/2"}],"replies":[{"embeddable":true,"href":"https:\/\/www.europesays.com\/fr\/wp-json\/wp\/v2\/comments?post=661012"}],"version-history":[{"count":0,"href":"https:\/\/www.europesays.com\/fr\/wp-json\/wp\/v2\/posts\/661012\/revisions"}],"wp:featuredmedia":[{"embeddable":true,"href":"https:\/\/www.europesays.com\/fr\/wp-json\/wp\/v2\/media\/661013"}],"wp:attachment":[{"href":"https:\/\/www.europesays.com\/fr\/wp-json\/wp\/v2\/media?parent=661012"}],"wp:term":[{"taxonomy":"category","embeddable":true,"href":"https:\/\/www.europesays.com\/fr\/wp-json\/wp\/v2\/categories?post=661012"},{"taxonomy":"post_tag","embeddable":true,"href":"https:\/\/www.europesays.com\/fr\/wp-json\/wp\/v2\/tags?post=661012"}],"curies":[{"name":"wp","href":"https:\/\/api.w.org\/{rel}","templated":true}]}}