{"id":661014,"date":"2026-01-13T16:57:09","date_gmt":"2026-01-13T16:57:09","guid":{"rendered":"https:\/\/www.europesays.com\/fr\/661014\/"},"modified":"2026-01-13T16:57:09","modified_gmt":"2026-01-13T16:57:09","slug":"commerce-un-nouveau-magasin-cultura-simplante-en-seine-maritime","status":"publish","type":"post","link":"https:\/\/www.europesays.com\/fr\/661014\/","title":{"rendered":"Commerce. Un nouveau magasin Cultura s&rsquo;implante en Seine-Maritime"},"content":{"rendered":"<p melodystyle=\"texte\" data-end=\"399\">L&rsquo;enseigne Cultura poursuit son d\u00e9veloppement en Seine-Maritime. La marque, sp\u00e9cialis\u00e9e dans les activit\u00e9s culturelles et cr\u00e9atives, et librairie, annonce mardi 13\u00a0janvier l&rsquo;ouverture d&rsquo;un nouveau magasin \u00e0 Tourville-la-Rivi\u00e8re. Il s&rsquo;agira du cinqui\u00e8me point de vente de l&rsquo;enseigne en Normandie.<\/p>\n<p melodystyle=\"texte\" data-end=\"523\">Le futur <a href=\"https:\/\/www.lecourriercauchois.fr\/rubrique\/economie\/commerce\/\" target=\"_blank\" rel=\"noopener\">magasin<\/a> prendra place dans la zone commerciale du Clos aux Antes. Son ouverture est pr\u00e9vue pour la rentr\u00e9e des classes 2026.<\/p>\n<p>1\u00a0600m\u00b2 d\u00e9di\u00e9s \u00e0 la culture et aux loisirs cr\u00e9atifs<\/p>\n<p melodystyle=\"texte\" data-end=\"970\">D\u00e9ploy\u00e9 sur une surface de 1\u00a0600m\u00b2, le magasin ambitionne d&rsquo;enrichir l&rsquo;offre culturelle et cr\u00e9ative locale. \u00ab\u00a0Les clients y retrouveront les diff\u00e9rents univers qui font la signature de <a href=\"https:\/\/www.lecourriercauchois.fr\/actualite-387902-barentin-zone-commerciale-plusieurs-enseignes-arrivent\" target=\"_blank\" rel=\"noopener\">Cultura<\/a>\u00a0: librairie (polar, jeunesse, litt\u00e9rature, romance, bande dessin\u00e9e), musique, instruments, jeux vid\u00e9o, jeux \u00e9ducatifs et jeux de soci\u00e9t\u00e9, mais aussi papeterie, beaux-arts et activit\u00e9s cr\u00e9atives\u00a0\u00bb, indique Cultura.<\/p>\n<p melodystyle=\"texte\" data-end=\"1158\">Cultura met \u00e9galement en avant son ADN \u00e9v\u00e9nementiel, avec l&rsquo;organisation de rencontres et animations en magasin, ainsi que des cours et ateliers \u00e0 destination des adultes et des enfants.<\/p>\n<p>19 recrutements annonc\u00e9s<\/p>\n<p melodystyle=\"texte\" data-end=\"1439\">Cette implantation s&rsquo;accompagne d&rsquo;un volet emploi. Au total, 19 recrutements seront r\u00e9alis\u00e9s localement\u00a0: trois responsables de secteur et seize conseillers de vente. Les premi\u00e8res offres sont d\u00e9j\u00e0 en ligne sur le site de recrutement de l&rsquo;enseigne.<\/p>\n<p melodystyle=\"texte\" data-end=\"1725\">Cr\u00e9\u00e9e en 1998, Cultura est une entreprise ind\u00e9pendante qui compte aujourd&rsquo;hui 116 magasins en France (dont cinq en franchise), un site de vente en ligne et pr\u00e8s de 4\u00a0500 collaborateurs. L&rsquo;enseigne revendique une offre d\u00e9passant les quatre millions de r\u00e9f\u00e9rences, neuves ou d&rsquo;occasion.<\/p>\n","protected":false},"excerpt":{"rendered":"L&rsquo;enseigne Cultura poursuit son d\u00e9veloppement en Seine-Maritime. La marque, sp\u00e9cialis\u00e9e dans les activit\u00e9s culturelles et cr\u00e9atives, et librairie,&hellip;\n","protected":false},"author":2,"featured_media":661015,"comment_status":"","ping_status":"","sticky":false,"template":"","format":"standard","meta":{"footnotes":""},"categories":[9587],"tags":[1111,11,1777,674,1011,27,12,5161,25,9590],"class_list":{"0":"post-661014","1":"post","2":"type-post","3":"status-publish","4":"format-standard","5":"has-post-thumbnail","7":"category-rouen","8":"tag-actu","9":"tag-actualites","10":"tag-eu","11":"tag-europe","12":"tag-fr","13":"tag-france","14":"tag-news","15":"tag-normandie","16":"tag-republique-francaise","17":"tag-rouen"},"share_on_mastodon":{"url":"https:\/\/pubeurope.com\/@fr\/115888851686495914","error":""},"_links":{"self":[{"href":"https:\/\/www.europesays.com\/fr\/wp-json\/wp\/v2\/posts\/661014","targetHints":{"allow":["GET"]}}],"collection":[{"href":"https:\/\/www.europesays.com\/fr\/wp-json\/wp\/v2\/posts"}],"about":[{"href":"https:\/\/www.europesays.com\/fr\/wp-json\/wp\/v2\/types\/post"}],"author":[{"embeddable":true,"href":"https:\/\/www.europesays.com\/fr\/wp-json\/wp\/v2\/users\/2"}],"replies":[{"embeddable":true,"href":"https:\/\/www.europesays.com\/fr\/wp-json\/wp\/v2\/comments?post=661014"}],"version-history":[{"count":0,"href":"https:\/\/www.europesays.com\/fr\/wp-json\/wp\/v2\/posts\/661014\/revisions"}],"wp:featuredmedia":[{"embeddable":true,"href":"https:\/\/www.europesays.com\/fr\/wp-json\/wp\/v2\/media\/661015"}],"wp:attachment":[{"href":"https:\/\/www.europesays.com\/fr\/wp-json\/wp\/v2\/media?parent=661014"}],"wp:term":[{"taxonomy":"category","embeddable":true,"href":"https:\/\/www.europesays.com\/fr\/wp-json\/wp\/v2\/categories?post=661014"},{"taxonomy":"post_tag","embeddable":true,"href":"https:\/\/www.europesays.com\/fr\/wp-json\/wp\/v2\/tags?post=661014"}],"curies":[{"name":"wp","href":"https:\/\/api.w.org\/{rel}","templated":true}]}}