{"id":661016,"date":"2026-01-13T17:00:11","date_gmt":"2026-01-13T17:00:11","guid":{"rendered":"https:\/\/www.europesays.com\/fr\/661016\/"},"modified":"2026-01-13T17:00:11","modified_gmt":"2026-01-13T17:00:11","slug":"echirolles-une-zone-test-de-plantation-de-chenes-avenue-kimberley","status":"publish","type":"post","link":"https:\/\/www.europesays.com\/fr\/661016\/","title":{"rendered":"\u00c9chirolles. Une zone test de plantation de ch\u00eanes avenue Kimberley"},"content":{"rendered":"<p>Une plantation d\u2019arbres assur\u00e9e par l\u2019entreprise paysagiste idverde est en cours le long de l\u2019avenue Kimberley. \u00ab\u00a0Nous travaillons pour le compte de la Metro, dans le cadre des \u201cplantations diffuses\u201d\u00a0\u00bb, indique le chef de chantier, en expliquant que ce march\u00e9 sort chaque ann\u00e9e dans toutes les communes et s\u2019inscrit dans le grand objectif \u201cLa Metro plante des arbres\u201d.<\/p>\n<p>En tout, 25 arbres (des tiges de 4\u00a0m de haut), avec tuteurs et protection du tronc, mais aussi paillage avec copeaux, seront en place d\u2019ici la fin de semaine. Du compost a \u00e9t\u00e9 brass\u00e9 avec la terre d\u00e9j\u00e0 en place pour amender le sol. Quant aux essences\u00a0? \u00ab\u00a0Uniquement des ch\u00eanes, mais tous de vari\u00e9t\u00e9s diff\u00e9rentes. Le but \u00e9tant de faire une zone de test pour voir lesquels reprennent bien puis r\u00e9sistent le mieux. Cela permettra de savoir quelles vari\u00e9t\u00e9s planter dans l\u2019avenir.\u00a0\u00bb Il pr\u00e9cise que le ch\u00eane r\u00e9siste plut\u00f4t bien \u00e0 la canicule mais moins \u00e0 l\u2019eau, raison pour laquelle la plantation est l\u00e9g\u00e8rement sur\u00e9lev\u00e9e.<\/p>\n","protected":false},"excerpt":{"rendered":"Une plantation d\u2019arbres assur\u00e9e par l\u2019entreprise paysagiste idverde est en cours le long de l\u2019avenue Kimberley. \u00ab\u00a0Nous travaillons&hellip;\n","protected":false},"author":2,"featured_media":661017,"comment_status":"","ping_status":"","sticky":false,"template":"","format":"standard","meta":{"footnotes":""},"categories":[9566],"tags":[1111,11,2430,4749,9852,9853,33,112,436,1777,674,1011,27,2731,12,25],"class_list":{"0":"post-661016","1":"post","2":"type-post","3":"status-publish","4":"format-standard","5":"has-post-thumbnail","7":"category-grenoble","8":"tag-actu","9":"tag-actualites","10":"tag-auvergne-rhone-alpes","11":"tag-btp-et-chantiers","12":"tag-echirolles","13":"tag-echirolles-bassin","14":"tag-economie","15":"tag-edition-grenoble-agglomeration","16":"tag-environnement","17":"tag-eu","18":"tag-europe","19":"tag-fr","20":"tag-france","21":"tag-grenoble","22":"tag-news","23":"tag-republique-francaise"},"share_on_mastodon":{"url":"https:\/\/pubeurope.com\/@fr\/115888863616574329","error":""},"_links":{"self":[{"href":"https:\/\/www.europesays.com\/fr\/wp-json\/wp\/v2\/posts\/661016","targetHints":{"allow":["GET"]}}],"collection":[{"href":"https:\/\/www.europesays.com\/fr\/wp-json\/wp\/v2\/posts"}],"about":[{"href":"https:\/\/www.europesays.com\/fr\/wp-json\/wp\/v2\/types\/post"}],"author":[{"embeddable":true,"href":"https:\/\/www.europesays.com\/fr\/wp-json\/wp\/v2\/users\/2"}],"replies":[{"embeddable":true,"href":"https:\/\/www.europesays.com\/fr\/wp-json\/wp\/v2\/comments?post=661016"}],"version-history":[{"count":0,"href":"https:\/\/www.europesays.com\/fr\/wp-json\/wp\/v2\/posts\/661016\/revisions"}],"wp:featuredmedia":[{"embeddable":true,"href":"https:\/\/www.europesays.com\/fr\/wp-json\/wp\/v2\/media\/661017"}],"wp:attachment":[{"href":"https:\/\/www.europesays.com\/fr\/wp-json\/wp\/v2\/media?parent=661016"}],"wp:term":[{"taxonomy":"category","embeddable":true,"href":"https:\/\/www.europesays.com\/fr\/wp-json\/wp\/v2\/categories?post=661016"},{"taxonomy":"post_tag","embeddable":true,"href":"https:\/\/www.europesays.com\/fr\/wp-json\/wp\/v2\/tags?post=661016"}],"curies":[{"name":"wp","href":"https:\/\/api.w.org\/{rel}","templated":true}]}}