{"id":661018,"date":"2026-01-13T17:01:10","date_gmt":"2026-01-13T17:01:10","guid":{"rendered":"https:\/\/www.europesays.com\/fr\/661018\/"},"modified":"2026-01-13T17:01:10","modified_gmt":"2026-01-13T17:01:10","slug":"isere-fermeture-annoncee-de-la43-entre-grenoble-et-lyon-a-quoi-sattendre","status":"publish","type":"post","link":"https:\/\/www.europesays.com\/fr\/661018\/","title":{"rendered":"Is\u00e8re. Fermeture annonc\u00e9e de l&rsquo;A43 entre Grenoble et Lyon : \u00e0 quoi s&rsquo;attendre"},"content":{"rendered":"<p>                    Par<br \/>\n        <strong><br \/>\n            <a href=\"https:\/\/actu.fr\/auteur\/redaction-grenoble\" title=\"Consulter tous les articles de R\u00e9daction Grenoble\" target=\"_blank\" rel=\"noopener\">R\u00e9daction Grenoble<\/a><br \/>\n                    <\/strong><\/p>\n<p>        Publi\u00e9 le<\/p>\n<p>            13 janv. 2026 \u00e0 16h26        <\/p>\n<p>Attention aux usagers de <strong>l\u2019A43<\/strong>, des travaux sont programm\u00e9s cette semaine sur l\u2019autoroute, entra\u00eenant des <strong>fermetures<\/strong>. Alors que des tron\u00e7ons sont concern\u00e9s d\u00e8s la sortie de <a href=\"https:\/\/actu.fr\/auvergne-rhone-alpes\/lyon_69123\" target=\"_blank\" rel=\"noopener\">Lyon<\/a>, des chantiers vont \u00e9galement concerner l\u2019<a href=\"https:\/\/actu.fr\/auvergne-rhone-alpes\/isere_38\" target=\"_blank\" rel=\"noopener\">Is\u00e8re<\/a>.<\/p>\n<p class=\" wall-content\">C\u2019est notamment dans la zone de Coiranne, \u00e0 la jonction avec l\u2019A48 en direction de <a href=\"https:\/\/actu.fr\/auvergne-rhone-alpes\/grenoble_38185\" target=\"_blank\" rel=\"noopener\">Grenoble<\/a>, que des fermetures de l\u2019A43 sont pr\u00e9vues <strong>dans la nuit du mardi 13 au mercredi 14 janvier.<\/strong><\/p>\n<p>Fermeture de l\u2019\u00e9changeur entre Lyon et Grenoble<\/p>\n<p class=\" wall-content\">Ces impacts sur le trafic concernent <strong>les deux sens de circulation<\/strong>.<\/p>\n<p class=\" wall-content\">Ainsi,<strong> d\u00e8s 21 heures<\/strong> mardi soir et jusqu\u2019\u00e0 6 heures du matin mercredi, il sera impossible de rouler entre les sorties n\u00b08 (au niveau de <a href=\"https:\/\/actu.fr\/auvergne-rhone-alpes\/bourgoin-jallieu_38053\" target=\"_blank\" rel=\"noopener\">Bourgoin-Jallieu<\/a> et Ruy-Montceau) et la sortie n\u00b09 (La Tour-du-Pin).<\/p>\n<p class=\" wall-content\">\n<p class=\" wall-content\">\u00ab\u00a0Les bretelles d\u2019entr\u00e9e de ces diffuseurs seront \u00e9galement ferm\u00e9es\u00a0\u00bb, pr\u00e9cise le r\u00e9seau APRR sur <a href=\"https:\/\/voyage.aprr.fr\/a43-isere-itineraires-secteur-de-coiranne\" target=\"_blank\" rel=\"noopener\">son site d\u2019informations travaux<\/a>.<\/p>\n<p class=\" wall-content\"><strong>L\u2019\u00e9changeur de Coiranne<\/strong>, entre l\u2019A43 et l\u2019A48, sera lui aussi interdit d\u2019acc\u00e8s pendant la nuit.<\/p>\n<p>Votre r\u00e9gion, votre actu !<\/p>\n<p>Recevez chaque jour les infos qui comptent pour vous.<\/p>\n<p>\t<a href=\"https:\/\/actu.fr\/newsletter\" class=\"ac-btn ac-btn--corner ac-btn--medium ac-btn--blue800\" target=\"_blank\" rel=\"noopener\">S&rsquo;incrire<\/a><br \/>\nDes d\u00e9viations d\u00e9cid\u00e9es<\/p>\n<p class=\" wall-content\">Des itin\u00e9raires de d\u00e9viation vont \u00eatre instaur\u00e9s dans la nuit, dans les deux sens de circulation.\u00a0<\/p>\n<p class=\" wall-content\">En direction de <a href=\"https:\/\/actu.fr\/auvergne-rhone-alpes\/chambery_73065\" target=\"_blank\" rel=\"noopener\">Chamb\u00e9ry<\/a> depuis la sortie n\u00b08, il faudra emprunter la RD 1006 jusqu\u2019\u00e0 <a href=\"https:\/\/actu.fr\/auvergne-rhone-alpes\/la-tour-du-pin_38509\" target=\"_blank\" rel=\"noopener\">La Tour-du-Pin<\/a> pour reprendre l\u2019A43. Pour se rendre \u00e0 Grenoble, ce sera plus long, puisqu\u2019il faudra prendre la RD 1006, la RD 1085 et la RD 119 pour reprendre l\u2019A48 \u00e0 l\u2019\u00e9changeur n\u00b09 de Rives.<\/p>\n<p class=\" wall-content\">En direction de Lyon depuis la sortie n\u00b09, les automobilistes devront prendre la RD 1006 jusqu\u2019\u00e0 Bourgoin-Jallieu pour reprendre l\u2019A43. Pour aller \u00e0 Grenoble, il faudra prendre la RD 1006, puis la RD 1075 et la RD 1076 pour r\u00e9cup\u00e9rer l\u2019A48 au diffuseur n\u00b010 \u00e0 Voiron.<\/p>\n<p class=\" wall-content\">Personnalisez votre actualit\u00e9 en ajoutant vos villes et m\u00e9dias en favori avec <a href=\"https:\/\/moncompte.actu.fr\" title=\"D\u00e9couvez Mon Actu\" rel=\"nofollow noopener\" data-trk=\"{&quot;cta&quot;:{&quot;action&quot;:&quot;https:\\\/\\\/moncompte.actu.fr&quot;,&quot;category&quot;:&quot;mon compte&quot;,&quot;from&quot;:&quot;article footer&quot;,&quot;name&quot;:&quot;Mon actu&quot;,&quot;type&quot;:&quot;cta&quot;}}\" target=\"_blank\">Mon Actu<\/a>.<\/p>\n","protected":false},"excerpt":{"rendered":"Par R\u00e9daction Grenoble Publi\u00e9 le 13 janv. 2026 \u00e0 16h26 Attention aux usagers de l\u2019A43, des travaux sont&hellip;\n","protected":false},"author":2,"featured_media":661019,"comment_status":"","ping_status":"","sticky":false,"template":"","format":"standard","meta":{"footnotes":""},"categories":[9566],"tags":[1111,11,8965,2430,1777,674,1011,27,2731,12,25,104,2086],"class_list":{"0":"post-661018","1":"post","2":"type-post","3":"status-publish","4":"format-standard","5":"has-post-thumbnail","7":"category-grenoble","8":"tag-actu","9":"tag-actualites","10":"tag-autoroute-43-a43","11":"tag-auvergne-rhone-alpes","12":"tag-eu","13":"tag-europe","14":"tag-fr","15":"tag-france","16":"tag-grenoble","17":"tag-news","18":"tag-republique-francaise","19":"tag-societe","20":"tag-travaux"},"share_on_mastodon":{"url":"https:\/\/pubeurope.com\/@fr\/115888867534190766","error":""},"_links":{"self":[{"href":"https:\/\/www.europesays.com\/fr\/wp-json\/wp\/v2\/posts\/661018","targetHints":{"allow":["GET"]}}],"collection":[{"href":"https:\/\/www.europesays.com\/fr\/wp-json\/wp\/v2\/posts"}],"about":[{"href":"https:\/\/www.europesays.com\/fr\/wp-json\/wp\/v2\/types\/post"}],"author":[{"embeddable":true,"href":"https:\/\/www.europesays.com\/fr\/wp-json\/wp\/v2\/users\/2"}],"replies":[{"embeddable":true,"href":"https:\/\/www.europesays.com\/fr\/wp-json\/wp\/v2\/comments?post=661018"}],"version-history":[{"count":0,"href":"https:\/\/www.europesays.com\/fr\/wp-json\/wp\/v2\/posts\/661018\/revisions"}],"wp:featuredmedia":[{"embeddable":true,"href":"https:\/\/www.europesays.com\/fr\/wp-json\/wp\/v2\/media\/661019"}],"wp:attachment":[{"href":"https:\/\/www.europesays.com\/fr\/wp-json\/wp\/v2\/media?parent=661018"}],"wp:term":[{"taxonomy":"category","embeddable":true,"href":"https:\/\/www.europesays.com\/fr\/wp-json\/wp\/v2\/categories?post=661018"},{"taxonomy":"post_tag","embeddable":true,"href":"https:\/\/www.europesays.com\/fr\/wp-json\/wp\/v2\/tags?post=661018"}],"curies":[{"name":"wp","href":"https:\/\/api.w.org\/{rel}","templated":true}]}}