{"id":661024,"date":"2026-01-13T17:04:22","date_gmt":"2026-01-13T17:04:22","guid":{"rendered":"https:\/\/www.europesays.com\/fr\/661024\/"},"modified":"2026-01-13T17:04:22","modified_gmt":"2026-01-13T17:04:22","slug":"spectacle-de-danse-a-illkirch-graffenstaden","status":"publish","type":"post","link":"https:\/\/www.europesays.com\/fr\/661024\/","title":{"rendered":"Spectacle de danse a Illkirch Graffenstaden"},"content":{"rendered":"<p>\t\t\t\t\t\t\t\t\t<a href=\"https:\/\/www.dna.fr\/pour-sortir\/loisirs\/Spectacle-theatre-conte\/Spectacle-de-danse\/Alsace\/Bas-rhin\/Illkirch-graffenstaden\/2026\/01\/24\/javascript:history.back();\" rel=\"nofollow noopener\" class=\"backToSearch\" target=\"_blank\">Retour \u00e0 la recherche<\/a><\/p>\n<p class=\"media-desc\" itemprop=\"description\">&#13;<br \/>\n\t\t\t\t\t\u00ab Connaissez-vous la vraie vie du danseur ? Ses r\u00eaveries ? Sa place dans la soci\u00e9t\u00e9, le chemin qu\u2019il doit parcourir et le labyrinthe spirituel, sportif et magique qu\u2019il traverse tout au long de sa vie ? \u00bb. Fran\u00e7ois Mauduit propose de d\u00e9couvrir le monde int\u00e9rieur des danseurs.&#13;<br \/>\n\t\t\t\t\t\t\t\t\t\t\t&#13;<br \/>\n\t\t\t\t\t\t\t\t\t\t\u00abTiens ton dos, avance le bassin, sers le pied, tourne en dehors, ouvre tes omoplates, inspire par le nez, \u00e9coute la musique, enfonce tes talons, grandis-toi, baisse les \u00e9paules, souffle par la bouche, ne parle pas, fais parler tes doigts, maigris, souris, plexus en avant, c\u00f4tes rentr\u00e9es, travaille, lutte, recommence, arr\u00eate de pleurer et surtout n\u2019oublie pas de danser \u00bb. &#13;\n\t\t\t\t  <\/p>\n","protected":false},"excerpt":{"rendered":"Retour \u00e0 la recherche &#13; \u00ab Connaissez-vous la vraie vie du danseur ? Ses r\u00eaveries ? Sa place&hellip;\n","protected":false},"author":2,"featured_media":661025,"comment_status":"","ping_status":"","sticky":false,"template":"","format":"standard","meta":{"footnotes":""},"categories":[2820],"tags":[1111,11,1777,674,1011,27,775,12,25,640],"class_list":{"0":"post-661024","1":"post","2":"type-post","3":"status-publish","4":"format-standard","5":"has-post-thumbnail","7":"category-strasbourg","8":"tag-actu","9":"tag-actualites","10":"tag-eu","11":"tag-europe","12":"tag-fr","13":"tag-france","14":"tag-grand-est","15":"tag-news","16":"tag-republique-francaise","17":"tag-strasbourg"},"share_on_mastodon":{"url":"https:\/\/pubeurope.com\/@fr\/115888879292847214","error":""},"_links":{"self":[{"href":"https:\/\/www.europesays.com\/fr\/wp-json\/wp\/v2\/posts\/661024","targetHints":{"allow":["GET"]}}],"collection":[{"href":"https:\/\/www.europesays.com\/fr\/wp-json\/wp\/v2\/posts"}],"about":[{"href":"https:\/\/www.europesays.com\/fr\/wp-json\/wp\/v2\/types\/post"}],"author":[{"embeddable":true,"href":"https:\/\/www.europesays.com\/fr\/wp-json\/wp\/v2\/users\/2"}],"replies":[{"embeddable":true,"href":"https:\/\/www.europesays.com\/fr\/wp-json\/wp\/v2\/comments?post=661024"}],"version-history":[{"count":0,"href":"https:\/\/www.europesays.com\/fr\/wp-json\/wp\/v2\/posts\/661024\/revisions"}],"wp:featuredmedia":[{"embeddable":true,"href":"https:\/\/www.europesays.com\/fr\/wp-json\/wp\/v2\/media\/661025"}],"wp:attachment":[{"href":"https:\/\/www.europesays.com\/fr\/wp-json\/wp\/v2\/media?parent=661024"}],"wp:term":[{"taxonomy":"category","embeddable":true,"href":"https:\/\/www.europesays.com\/fr\/wp-json\/wp\/v2\/categories?post=661024"},{"taxonomy":"post_tag","embeddable":true,"href":"https:\/\/www.europesays.com\/fr\/wp-json\/wp\/v2\/tags?post=661024"}],"curies":[{"name":"wp","href":"https:\/\/api.w.org\/{rel}","templated":true}]}}