{"id":661026,"date":"2026-01-13T17:05:10","date_gmt":"2026-01-13T17:05:10","guid":{"rendered":"https:\/\/www.europesays.com\/fr\/661026\/"},"modified":"2026-01-13T17:05:10","modified_gmt":"2026-01-13T17:05:10","slug":"comment-un-regime-totalitaire-sinstalle-t-il-par-la-langue-par-olivier-mannoni-rencontre-debat-a-strasbourg","status":"publish","type":"post","link":"https:\/\/www.europesays.com\/fr\/661026\/","title":{"rendered":"\u201cComment un regime totalitaire s\u2019installe t il par la langue ?\u201d par Olivier Mannoni : Rencontre Debat a Strasbourg"},"content":{"rendered":"<p>\t\t\t\t\t\t\t\t\t<a href=\"https:\/\/www.dna.fr\/pour-sortir\/loisirs\/Rencontre-conference\/Debats\/Alsace\/Bas-rhin\/Strasbourg\/2026\/01\/31\/javascript:history.back();\" rel=\"nofollow noopener\" class=\"backToSearch\" target=\"_blank\">Retour \u00e0 la recherche<\/a><\/p>\n<p class=\"media-desc\" itemprop=\"description\">&#13;<br \/>\n\t\t\t\t\tCette question essentielle traverse le travail d\u2019Olivier Mannoni, traducteur, essayiste et observateur aigu des d\u00e9rives du langage politique. &#13;<br \/>\n\t\t\t\t\t\t\t\t\t\t\t&#13;<br \/>\n\t\t\t\t\t\t\t\t\t\tConnu notamment pour sa traduction critique de \u201cMein Kampf\u201d, Olivier Mannoni analyse la mani\u00e8re dont les mots, bien avant la violence, deviennent les premiers instruments du pouvoir. \u00c0 partir de l\u2019\u00e9tude de la langue allemande des ann\u00e9es 1930, il montre comment un vocabulaire appauvri, r\u00e9p\u00e9titif et confus peut neutraliser la pens\u00e9e critique. La disparition des nuances, la simplification du r\u00e9el et la r\u00e9p\u00e9tition obsessionnelle des m\u00eames formules transforment le langage en outil d\u2019adh\u00e9sion. L\u2019\u00e9motion remplace l\u2019argument, la peur supplante la raison. Mannoni \u00e9tablit \u00e9galement un parall\u00e8le \u00e9clairant avec certains usages contemporains du langage politique, notamment aux \u00c9tats-Unis sous la pr\u00e9sidence de Donald Trump.&#13;\n\t\t\t\t  <\/p>\n","protected":false},"excerpt":{"rendered":"Retour \u00e0 la recherche &#13; Cette question essentielle traverse le travail d\u2019Olivier Mannoni, traducteur, essayiste et observateur aigu&hellip;\n","protected":false},"author":2,"featured_media":661027,"comment_status":"","ping_status":"","sticky":false,"template":"","format":"standard","meta":{"footnotes":""},"categories":[2820],"tags":[1111,11,1777,674,1011,27,775,12,25,640],"class_list":{"0":"post-661026","1":"post","2":"type-post","3":"status-publish","4":"format-standard","5":"has-post-thumbnail","7":"category-strasbourg","8":"tag-actu","9":"tag-actualites","10":"tag-eu","11":"tag-europe","12":"tag-fr","13":"tag-france","14":"tag-grand-est","15":"tag-news","16":"tag-republique-francaise","17":"tag-strasbourg"},"share_on_mastodon":{"url":"https:\/\/pubeurope.com\/@fr\/115888883169195289","error":""},"_links":{"self":[{"href":"https:\/\/www.europesays.com\/fr\/wp-json\/wp\/v2\/posts\/661026","targetHints":{"allow":["GET"]}}],"collection":[{"href":"https:\/\/www.europesays.com\/fr\/wp-json\/wp\/v2\/posts"}],"about":[{"href":"https:\/\/www.europesays.com\/fr\/wp-json\/wp\/v2\/types\/post"}],"author":[{"embeddable":true,"href":"https:\/\/www.europesays.com\/fr\/wp-json\/wp\/v2\/users\/2"}],"replies":[{"embeddable":true,"href":"https:\/\/www.europesays.com\/fr\/wp-json\/wp\/v2\/comments?post=661026"}],"version-history":[{"count":0,"href":"https:\/\/www.europesays.com\/fr\/wp-json\/wp\/v2\/posts\/661026\/revisions"}],"wp:featuredmedia":[{"embeddable":true,"href":"https:\/\/www.europesays.com\/fr\/wp-json\/wp\/v2\/media\/661027"}],"wp:attachment":[{"href":"https:\/\/www.europesays.com\/fr\/wp-json\/wp\/v2\/media?parent=661026"}],"wp:term":[{"taxonomy":"category","embeddable":true,"href":"https:\/\/www.europesays.com\/fr\/wp-json\/wp\/v2\/categories?post=661026"},{"taxonomy":"post_tag","embeddable":true,"href":"https:\/\/www.europesays.com\/fr\/wp-json\/wp\/v2\/tags?post=661026"}],"curies":[{"name":"wp","href":"https:\/\/api.w.org\/{rel}","templated":true}]}}