{"id":661032,"date":"2026-01-13T17:08:51","date_gmt":"2026-01-13T17:08:51","guid":{"rendered":"https:\/\/www.europesays.com\/fr\/661032\/"},"modified":"2026-01-13T17:08:51","modified_gmt":"2026-01-13T17:08:51","slug":"educateurs-de-rue-du-departement-de-loire-atlantique-en-greve-leur-direction-repond","status":"publish","type":"post","link":"https:\/\/www.europesays.com\/fr\/661032\/","title":{"rendered":"\u00c9ducateurs de rue du D\u00e9partement de Loire-Atlantique en gr\u00e8ve\u00a0: leur direction r\u00e9pond"},"content":{"rendered":"<p><a href=\"https:\/\/nantes.maville.com\/actu\/actudet_-les-educateurs-de-rue-de-loire-atlantique-maintiennent-la-pression-sur-leur-direction-_8-7104948_actu.Htm\" target=\"_self\" rel=\"noopener\">En gr\u00e8ve depuis le 19\u00a0novembre<\/a>, des \u00e9ducateurs de rue d\u00e9noncent la suppression de quatre semaines de cong\u00e9 et d\u2019un salaire amoindri de 500\u00a0\u20ac par rapport aux autres travailleurs sociaux du D\u00e9partement de Loire-Atlantique. Dans un communiqu\u00e9, leur employeur, l\u2019Agence d\u00e9partementale de la pr\u00e9vention sp\u00e9cialis\u00e9e (ADPS) r\u00e9pond qu\u2019il n\u2019a \u00a0jamais \u00e9t\u00e9 question de rompre le dialogue social\u00a0\u00bb.<\/p>\n<p>73\u00a0000\u00a0\u20ac suppl\u00e9mentaires sont d\u00e9j\u00e0 act\u00e9s pour 2026<\/p>\n<p>\u00c0 propos des salaires\u00a0: \u00a0Le constat d\u2019un \u00e9cart de r\u00e9mun\u00e9ration est partag\u00e9. D\u00e8s 2025, 75\u00a0000\u00a0\u20ac ont \u00e9t\u00e9 d\u00e9bloqu\u00e9s, afin d\u2019am\u00e9liorer les salaires les plus bas. 73\u00a0000\u00a0\u20ac suppl\u00e9mentaires sont d\u00e9j\u00e0 act\u00e9s pour 2026. De nouvelles n\u00e9gociations sont en cours pour garantir une approche \u00e9quilibr\u00e9e.\u00a0 \u00c0 propos du temps de travail\u00a0: \u00a0Le r\u00e9gime ant\u00e9rieur de 1\u00a0453\u00a0heures (28\u00a0heures par semaine) a d\u00fb \u00eatre adapt\u00e9 pour se conformer aux 1\u00a0607\u00a0heures du cadre l\u00e9gal. Cela prend, n\u00e9anmoins, en compte les particularit\u00e9s du travail social\u00a0: horaires atypiques, risques\u2026 L\u2019application de ces d\u00e9rogations permet de conserver treize\u00a0semaines de cong\u00e9 et de r\u00e9cup\u00e9rations.\u00a0 Mercredi 21\u00a0janvier, les repr\u00e9sentants syndicaux seront re\u00e7us lors d\u2019une assembl\u00e9e g\u00e9n\u00e9rale exceptionnelle.<\/p>\n<p>\u00a0<\/p>\n","protected":false},"excerpt":{"rendered":"En gr\u00e8ve depuis le 19\u00a0novembre, des \u00e9ducateurs de rue d\u00e9noncent la suppression de quatre semaines de cong\u00e9 et&hellip;\n","protected":false},"author":2,"featured_media":661033,"comment_status":"","ping_status":"","sticky":false,"template":"","format":"standard","meta":{"footnotes":""},"categories":[2818],"tags":[1111,11,9968,13635,16056,1777,674,1011,27,6151,3047,766,12,2636,5957,25,3640],"class_list":{"0":"post-661032","1":"post","2":"type-post","3":"status-publish","4":"format-standard","5":"has-post-thumbnail","7":"category-nantes","8":"tag-actu","9":"tag-actualites","10":"tag-departement","11":"tag-direction","12":"tag-educateurs","13":"tag-eu","14":"tag-europe","15":"tag-fr","16":"tag-france","17":"tag-greve","18":"tag-loire-atlantique","19":"tag-nantes","20":"tag-news","21":"tag-pays-de-la-loire","22":"tag-repond","23":"tag-republique-francaise","24":"tag-rue"},"share_on_mastodon":{"url":"https:\/\/pubeurope.com\/@fr\/115888898922061570","error":""},"_links":{"self":[{"href":"https:\/\/www.europesays.com\/fr\/wp-json\/wp\/v2\/posts\/661032","targetHints":{"allow":["GET"]}}],"collection":[{"href":"https:\/\/www.europesays.com\/fr\/wp-json\/wp\/v2\/posts"}],"about":[{"href":"https:\/\/www.europesays.com\/fr\/wp-json\/wp\/v2\/types\/post"}],"author":[{"embeddable":true,"href":"https:\/\/www.europesays.com\/fr\/wp-json\/wp\/v2\/users\/2"}],"replies":[{"embeddable":true,"href":"https:\/\/www.europesays.com\/fr\/wp-json\/wp\/v2\/comments?post=661032"}],"version-history":[{"count":0,"href":"https:\/\/www.europesays.com\/fr\/wp-json\/wp\/v2\/posts\/661032\/revisions"}],"wp:featuredmedia":[{"embeddable":true,"href":"https:\/\/www.europesays.com\/fr\/wp-json\/wp\/v2\/media\/661033"}],"wp:attachment":[{"href":"https:\/\/www.europesays.com\/fr\/wp-json\/wp\/v2\/media?parent=661032"}],"wp:term":[{"taxonomy":"category","embeddable":true,"href":"https:\/\/www.europesays.com\/fr\/wp-json\/wp\/v2\/categories?post=661032"},{"taxonomy":"post_tag","embeddable":true,"href":"https:\/\/www.europesays.com\/fr\/wp-json\/wp\/v2\/tags?post=661032"}],"curies":[{"name":"wp","href":"https:\/\/api.w.org\/{rel}","templated":true}]}}