{"id":661034,"date":"2026-01-13T17:10:18","date_gmt":"2026-01-13T17:10:18","guid":{"rendered":"https:\/\/www.europesays.com\/fr\/661034\/"},"modified":"2026-01-13T17:10:18","modified_gmt":"2026-01-13T17:10:18","slug":"les-ptits-gilets-une-aide-aux-sans-abri-au-coeur-de-la-ville-de-nantes","status":"publish","type":"post","link":"https:\/\/www.europesays.com\/fr\/661034\/","title":{"rendered":"Les P\u2019tits Gilets : une aide aux sans-abri au c\u0153ur de la ville de Nantes"},"content":{"rendered":"<p><img loading=\"lazy\" width=\"527\" height=\"264\" data-pagespeed-lazy-src=\"https:\/\/www.bigcitynantes.fr\/wp-content\/uploads\/2026\/01\/IMAGE_ARTICLE2-1-527x264.png\" class=\"attachment-csco-thumbnail-uncropped size-csco-thumbnail-uncropped wp-post-image\" alt=\"Festivit\u00e9s de No\u00ebl \u00e0 Nantes, groupe de voyageurs souriants sous guirlandes lumineuses.\" decoding=\"async\" data-pagespeed-lazy-  data-pagespeed-url-hash=\"1310787607\" src=\"\/pagespeed_static\/1.JiBnMqyl6S.gif\" onload=\"pagespeed.lazyLoadImages.loadIfVisibleAndMaybeBeacon(this);\" onerror=\"this.onerror=null;pagespeed.lazyLoadImages.loadIfVisibleAndMaybeBeacon(this);\"\/>\t<img loading=\"lazy\" width=\"1044\" height=\"522\" src=\"https:\/\/www.europesays.com\/fr\/wp-content\/uploads\/2026\/01\/IMAGE_ARTICLE2-1-1044x522.png\" class=\"attachment-csco-large-uncropped size-csco-large-uncropped wp-post-image\" alt=\"Festivit\u00e9s de No\u00ebl \u00e0 Nantes, groupe de voyageurs souriants sous guirlandes lumineuses.\" decoding=\"async\"   data-pagespeed-url-hash=\"3312972089\" onload=\"pagespeed.CriticalImages.checkImageForCriticality(this);\"\/><\/p>\n<p>\nCr\u00e9dit : Big City &#8211; Morgane M<\/p>\n<p>\u00ab\u00a0Avez-vous besoin de quelque chose ?\u00a0\u00bb Une phrase simple, souvent accompagn\u00e9e d\u2019un sourire, que l\u2019on peut entendre chaque lundi soir \u00e0 Nantes. Elle vient des b\u00e9n\u00e9voles de l\u2019association <strong>Les P\u2019tits Gilets<\/strong>, reconnaissables \u00e0 leur \u00e9nergie, \u00e0 leur envie d\u2019aller vers l\u2019autre, et surtout leurs dossard phosphorescents, visibles de jour comme de nuit.<\/p>\n<p>Chaque semaine, ils partent en maraude \u00e0 la rencontre des personnes sans-abri, pour distribuer des repas, des v\u00eatements, mais surtout du temps et de l\u2019\u00e9coute.<\/p>\n<blockquote class=\"instagram-media\" data-instgrm-permalink=\"https:\/\/www.instagram.com\/reel\/DTIx_Unkemq\/?utm_source=ig_embed&amp;utm_campaign=loading\" data-instgrm-version=\"14\" style=\"background:#FFF;border:0;border-radius:3px;margin: 1px;max-width:540px;min-width:326px;padding:0;width:99.375%;width:-webkit-calc(100% - 2px);width:calc(100% - 2px)\"\/><p>Une maraude : qu\u2019est-ce que c\u2019est ?<\/p>\n<p>Tous les lundis, l\u2019\u00e9quipe se retrouve dans une ambiance conviviale pour pr\u00e9parer la maraude. Une <strong>action de solidarit\u00e9 concr\u00e8te<\/strong>, qui consiste \u00e0 aller directement dans la rue, sur deux circuits bien d\u00e9finis de la ville, afin de rencontrer celles et ceux qui vivent dehors. En amont, <strong>pr\u00e8s de soixante repas sont pr\u00e9par\u00e9s<\/strong> chaque semaine gr\u00e2ce aux dons et aux achats de l\u2019association. Les v\u00eatements sont \u00e9galement tri\u00e9s avec soin avant le d\u00e9part. Au-del\u00e0 de l\u2019aide mat\u00e9rielle, la maraude est avant tout une exp\u00e9rience humaine.<\/p>\n<p>\u00ab\u00a0On fonctionne essentiellement gr\u00e2ce aux personnes qui viennent qu\u2019une seule fois\u00a0\u00bb, expliquent les membres de l\u2019association. Pas besoin de s\u2019engager sur le long terme : chacun peut participer \u00e0 son rythme, selon ses disponibilit\u00e9s !<\/p>\n<p>La pr\u00e9carit\u00e9 ne dispara\u00eet pas au printemps<\/p>\n<p>Contrairement aux id\u00e9es re\u00e7ues, la maraude ne se limite pas \u00e0 la p\u00e9riode hivernale. Les P\u2019tits Gilets sont pr\u00e9sents toute l\u2019ann\u00e9e, car la pr\u00e9carit\u00e9 ne dispara\u00eet pas avec le retour des beaux jours. Et si certains h\u00e9sitent encore \u00e0 franchir le pas, les b\u00e9n\u00e9voles tiennent \u00e0 rassurer : \u00ab\u00a0Il faut essayer, parce qu\u2019on peut avoir des a priori, alors que c\u2019est bien plus simple que \u00e7a en a l\u2019air.\u00a0\u00bb<\/p>\n<p>Curieux, solidaire ou simplement d\u00e9sireux d\u2019aider ? Il est possible d\u2019en savoir plus en suivant <strong>Les P\u2019tits Gilets<\/strong> sur les r\u00e9seaux sociaux ou <a href=\"https:\/\/associationlesptitsgilets.org\/\" target=\"_blank\" rel=\"noopener\">directement sur leur site internet<\/a>.<\/p>\n<p><script async src=\"\/\/www.instagram.com\/embed.js\"><\/script><\/p>\n","protected":false},"excerpt":{"rendered":"Cr\u00e9dit : Big City &#8211; Morgane M \u00ab\u00a0Avez-vous besoin de quelque chose ?\u00a0\u00bb Une phrase simple, souvent accompagn\u00e9e&hellip;\n","protected":false},"author":2,"featured_media":661035,"comment_status":"","ping_status":"","sticky":false,"template":"","format":"standard","meta":{"footnotes":""},"categories":[2818],"tags":[1111,11,4077,10263,1777,674,1011,27,766,12,2636,25,15317],"class_list":{"0":"post-661034","1":"post","2":"type-post","3":"status-publish","4":"format-standard","5":"has-post-thumbnail","7":"category-nantes","8":"tag-actu","9":"tag-actualites","10":"tag-association","11":"tag-benevolat","12":"tag-eu","13":"tag-europe","14":"tag-fr","15":"tag-france","16":"tag-nantes","17":"tag-news","18":"tag-pays-de-la-loire","19":"tag-republique-francaise","20":"tag-sans-abri"},"share_on_mastodon":{"url":"https:\/\/pubeurope.com\/@fr\/115888903156411609","error":""},"_links":{"self":[{"href":"https:\/\/www.europesays.com\/fr\/wp-json\/wp\/v2\/posts\/661034","targetHints":{"allow":["GET"]}}],"collection":[{"href":"https:\/\/www.europesays.com\/fr\/wp-json\/wp\/v2\/posts"}],"about":[{"href":"https:\/\/www.europesays.com\/fr\/wp-json\/wp\/v2\/types\/post"}],"author":[{"embeddable":true,"href":"https:\/\/www.europesays.com\/fr\/wp-json\/wp\/v2\/users\/2"}],"replies":[{"embeddable":true,"href":"https:\/\/www.europesays.com\/fr\/wp-json\/wp\/v2\/comments?post=661034"}],"version-history":[{"count":0,"href":"https:\/\/www.europesays.com\/fr\/wp-json\/wp\/v2\/posts\/661034\/revisions"}],"wp:featuredmedia":[{"embeddable":true,"href":"https:\/\/www.europesays.com\/fr\/wp-json\/wp\/v2\/media\/661035"}],"wp:attachment":[{"href":"https:\/\/www.europesays.com\/fr\/wp-json\/wp\/v2\/media?parent=661034"}],"wp:term":[{"taxonomy":"category","embeddable":true,"href":"https:\/\/www.europesays.com\/fr\/wp-json\/wp\/v2\/categories?post=661034"},{"taxonomy":"post_tag","embeddable":true,"href":"https:\/\/www.europesays.com\/fr\/wp-json\/wp\/v2\/tags?post=661034"}],"curies":[{"name":"wp","href":"https:\/\/api.w.org\/{rel}","templated":true}]}}