{"id":661048,"date":"2026-01-13T17:17:09","date_gmt":"2026-01-13T17:17:09","guid":{"rendered":"https:\/\/www.europesays.com\/fr\/661048\/"},"modified":"2026-01-13T17:17:09","modified_gmt":"2026-01-13T17:17:09","slug":"securite-a-marseille-ces-agents-de-la-rtm-desormais-armes-dans-les-transports","status":"publish","type":"post","link":"https:\/\/www.europesays.com\/fr\/661048\/","title":{"rendered":"S\u00e9curit\u00e9 \u00e0 Marseille. Ces agents de la RTM d\u00e9sormais arm\u00e9s dans les transports"},"content":{"rendered":"<p>                    Par<br \/>\n        <strong><br \/>\n            <a href=\"https:\/\/actu.fr\/auteur\/thibault-nadal-actu-fr\" title=\"Consulter tous les articles de Thibault Nadal\" target=\"_blank\" rel=\"noopener\">Thibault Nadal<\/a><br \/>\n                    <\/strong><\/p>\n<p>        Publi\u00e9 le<\/p>\n<p>            13 janv. 2026 \u00e0 16h00        <\/p>\n<p>Les agents de la <a href=\"https:\/\/actu.fr\/tag\/rtm\" target=\"_blank\" rel=\"noopener\">RTM<\/a> arm\u00e9s, c\u2019est une r\u00e9alit\u00e9. Depuis ce mardi 13\u00a0janvier 2026, neuf agents sont \u00e9quip\u00e9s d\u2019armes non l\u00e9tales de cat\u00e9gories D. L\u2019objectif est ainsi de \u00ab\u2009renforcer la s\u00e9curit\u00e9 sur le r\u00e9seau de transports m\u00e9tropolitains\u2009\u00bb et notamment \u00e0 Marseille.<\/p>\n<p>Des armes non l\u00e9tales de cat\u00e9gorie D<\/p>\n<p class=\" wall-content\">Martine Vassal, la pr\u00e9sidente de la M\u00e9tropole, l\u2019avait expliqu\u00e9 lors <a href=\"https:\/\/actu.fr\/provence-alpes-cote-d-azur\/marseille_13055\/municipales-a-marseille-martine-vassal-etrille-le-bilan-de-benoit-payan-c-est-catastrophique_63512063.html\" target=\"_blank\" rel=\"noopener\">d\u2019une pr\u00e9c\u00e9dente interview accord\u00e9e \u00e0 actu Marseille<\/a>, d\u00e9but d\u00e9cembre\u2009: \u00ab\u2009Nous avons mont\u00e9 notre niveau de s\u00e9curit\u00e9 dans les transports en commun.\u2009\u00bb Cela passait notamment par l\u2019armement de certains agents de s\u00e9curit\u00e9.<\/p>\n<p class=\" wall-content\">C\u2019est chose faite depuis ce mardi 13\u00a0janvier. Neuf agents, du groupe d\u2019assistance et de protection (GAP), \u00ab\u2009ayant suivi les formations r\u00e9glementaires, seront \u00e9quip\u00e9s d\u2019armes non l\u00e9tales de cat\u00e9gorie D\u2009\u00bb, d\u00e9taille la M\u00e9tropole dans un communiqu\u00e9.<\/p>\n<p class=\" wall-content\">Ils auront sur eux deux armes\u2009: <strong>une bombe lacrymog\u00e8ne et une matraque t\u00e9lescopique<\/strong>.<\/p>\n<blockquote class=\"ac-article-quote wall-content\">\n<p>Cette initiative permet de renforcer la protection des agents, s\u00e9curiser leurs interventions et am\u00e9liorer la pr\u00e9vention des incivilit\u00e9s et des atteintes \u00e0 la s\u00e9curit\u00e9 publique.<\/p>\n<p>    <strong>M\u00e9tropole dans un communiqu\u00e9<\/strong>\n            <\/p><\/blockquote>\n<p>La d\u00e9linquance en baisse dans les transports<\/p>\n<p class=\" wall-content\">Avec cette nouvelle possibilit\u00e9, les agents du GAP empruntent un virage s\u00e9curitaire, puisqu\u2019ils auront la possibilit\u00e9 de r\u00e9aliser \u00ab\u2009des palpations de s\u00e9curit\u00e9 et le contr\u00f4le visuel des bagages\u2009\u00bb.<\/p>\n<p class=\" wall-content\">De plus, ces agents seront \u00e9quip\u00e9s de cam\u00e9ra pi\u00e9tons pour \u00ab\u2009garantir la transparence et l\u2019apaisement des interactions avec le public\u2009\u00bb.<\/p>\n<p>Votre r\u00e9gion, votre actu !<\/p>\n<p>Recevez chaque jour les infos qui comptent pour vous.<\/p>\n<p>\t<a href=\"https:\/\/actu.fr\/newsletter\" class=\"ac-btn ac-btn--corner ac-btn--medium ac-btn--blue800\" target=\"_blank\" rel=\"noopener\">S&rsquo;incrire<\/a><\/p>\n<p class=\" wall-content\">Le GAP a \u00e9t\u00e9 cr\u00e9\u00e9 en 2022 et comptait 44 agents. \u00c0 terme, les effectifs seront plus que doubl\u00e9s pour atteindre 99\u00a0personnes qui seront toutes arm\u00e9es \u00ab\u2009au fil des sessions de formation\u2009\u00bb.<\/p>\n<p class=\" wall-content\">Selon la M\u00e9tropole, \u00ab\u2009les <strong>faits de d\u00e9linquance et d\u2019ins\u00e9curit\u00e9 ont recul\u00e9 de 20\u2009%<\/strong> sur le r\u00e9seau RTM et de 33\u2009% \u00e0 l\u2019\u00e9chelle du r\u00e9seau m\u00e9tropolitain\u2009\u00bb.<\/p>\n<p class=\" wall-content\">Personnalisez votre actualit\u00e9 en ajoutant vos villes et m\u00e9dias en favori avec <a href=\"https:\/\/moncompte.actu.fr\" title=\"D\u00e9couvez Mon Actu\" rel=\"nofollow noopener\" data-trk=\"{&quot;cta&quot;:{&quot;action&quot;:&quot;https:\\\/\\\/moncompte.actu.fr&quot;,&quot;category&quot;:&quot;mon compte&quot;,&quot;from&quot;:&quot;article footer&quot;,&quot;name&quot;:&quot;Mon actu&quot;,&quot;type&quot;:&quot;cta&quot;}}\" target=\"_blank\">Mon Actu<\/a>.<\/p>\n","protected":false},"excerpt":{"rendered":"Par Thibault Nadal Publi\u00e9 le 13 janv. 2026 \u00e0 16h00 Les agents de la RTM arm\u00e9s, c\u2019est une&hellip;\n","protected":false},"author":2,"featured_media":661049,"comment_status":"","ping_status":"","sticky":false,"template":"","format":"standard","meta":{"footnotes":""},"categories":[2814],"tags":[1111,11,1777,674,1011,27,2825,884,12,882,25,10783,104,2803],"class_list":{"0":"post-661048","1":"post","2":"type-post","3":"status-publish","4":"format-standard","5":"has-post-thumbnail","7":"category-marseille","8":"tag-actu","9":"tag-actualites","10":"tag-eu","11":"tag-europe","12":"tag-fr","13":"tag-france","14":"tag-insecurite","15":"tag-marseille","16":"tag-news","17":"tag-provence-alpes-cote-dazur","18":"tag-republique-francaise","19":"tag-rtm","20":"tag-societe","21":"tag-transport"},"share_on_mastodon":{"url":"https:\/\/pubeurope.com\/@fr\/115888930428276983","error":""},"_links":{"self":[{"href":"https:\/\/www.europesays.com\/fr\/wp-json\/wp\/v2\/posts\/661048","targetHints":{"allow":["GET"]}}],"collection":[{"href":"https:\/\/www.europesays.com\/fr\/wp-json\/wp\/v2\/posts"}],"about":[{"href":"https:\/\/www.europesays.com\/fr\/wp-json\/wp\/v2\/types\/post"}],"author":[{"embeddable":true,"href":"https:\/\/www.europesays.com\/fr\/wp-json\/wp\/v2\/users\/2"}],"replies":[{"embeddable":true,"href":"https:\/\/www.europesays.com\/fr\/wp-json\/wp\/v2\/comments?post=661048"}],"version-history":[{"count":0,"href":"https:\/\/www.europesays.com\/fr\/wp-json\/wp\/v2\/posts\/661048\/revisions"}],"wp:featuredmedia":[{"embeddable":true,"href":"https:\/\/www.europesays.com\/fr\/wp-json\/wp\/v2\/media\/661049"}],"wp:attachment":[{"href":"https:\/\/www.europesays.com\/fr\/wp-json\/wp\/v2\/media?parent=661048"}],"wp:term":[{"taxonomy":"category","embeddable":true,"href":"https:\/\/www.europesays.com\/fr\/wp-json\/wp\/v2\/categories?post=661048"},{"taxonomy":"post_tag","embeddable":true,"href":"https:\/\/www.europesays.com\/fr\/wp-json\/wp\/v2\/tags?post=661048"}],"curies":[{"name":"wp","href":"https:\/\/api.w.org\/{rel}","templated":true}]}}