{"id":66105,"date":"2025-05-01T05:02:14","date_gmt":"2025-05-01T05:02:14","guid":{"rendered":"https:\/\/www.europesays.com\/fr\/66105\/"},"modified":"2025-05-01T05:02:14","modified_gmt":"2025-05-01T05:02:14","slug":"strasbourg-discussion-publique-sur-les-polluants-eternels-lundi-5-mai","status":"publish","type":"post","link":"https:\/\/www.europesays.com\/fr\/66105\/","title":{"rendered":"Strasbourg. Discussion publique sur les polluants \u00e9ternels lundi 5 mai"},"content":{"rendered":"<p class=\"wp-block-post-excerpt__excerpt\">Lundi 5 mai, le s\u00e9nateur \u00e9cologiste Jacques Fernique organise une discussion au Foyer de l\u2019\u00e9tudiant catholique de Strasbourg sur les polluants \u00e9ternels, avec une eurod\u00e9put\u00e9e, un juriste, un scientifique et deux repr\u00e9sentants d\u2019associations. <\/p>\n<p class=\"font-sans\">\n\t\t\tCet article est en acc\u00e8s libre. Pour soutenir Rue89 Strasbourg,<br \/>\n\t\t\t<a class=\"underline\" href=\"https:\/\/www.rue89strasbourg.com\/abonnement\" rel=\"nofollow noopener\" target=\"_blank\">abonnez-vous<\/a>.\n\t\t<\/p>\n<p>Camille Balzinger<\/p>\n<p>Publi\u00e9 le 1 mai 2025\u00a0\u00a0\u00b7\u00a0\u00a0<\/p>\n<p>Imprim\u00e9 le 1er mai 2025 \u00e0 07h00\u00a0\u00a0\u00b7\u00a0\u00a0<\/p>\n<p>\t\t\t\t\t1\u00a0minute\n<\/p>\n<p>Dans la salle du Foyer de l\u2019\u00e9tudiant catholique (FEC), place Saint-\u00c9tienne \u00e0 Strasbourg, le s\u00e9nateur \u00e9cologiste Jacques Fernique organise une discussion publique autour des polluants \u00e9ternels, lundi 5 mai \u00e0 19h. Aussi appel\u00e9es PFAS, ces particules sont des compos\u00e9s chimiques tr\u00e8s r\u00e9sistants, pr\u00e9sents dans de nombreux produits industriels. Ils sont massivement d\u00e9tect\u00e9s dans l\u2019air, le sol et l\u2019eau et pr\u00e9sentent <a href=\"https:\/\/www.vie-publique.fr\/questions-reponses\/294454-polluants-eternels-tout-comprendre-sur-les-pfas-en-6-questions\" target=\"_blank\" rel=\"noreferrer noopener nofollow\">des risques graves pour la sant\u00e9 humaine<\/a>.<\/p>\n<p>La soir\u00e9e s\u2019articule autour d\u2019une question\u00a0: Polluants \u00e9ternels, probl\u00e8me \u00e9ternel\u00a0? Car en Alsace par exemple, <a href=\"https:\/\/www.rue89strasbourg.com\/strasbourg-alsace-eau-polluants-eternels-331148#:~:text=En%202024%2C%20Rue89%20Strasbourg%20a,PFAS%2C%20est%20tr%C3%A8s%20peu%20connue.\" target=\"_blank\" rel=\"noreferrer noopener nofollow\">toute la nappe phr\u00e9atique<\/a> est pollu\u00e9e par ces mol\u00e9cules persistantes. Une <a href=\"https:\/\/www.vie-publique.fr\/loi\/293656-pfas-polluants-eternels-loi-ecologiste-du-27-fevrier-2025\" target=\"_blank\" rel=\"noreferrer noopener nofollow\">loi vot\u00e9e en janvier 2025<\/a> pr\u00e9voit de r\u00e9duire la pr\u00e9sence des PFAS en France dans certains produits d\u2019ici 2026 et 2030 et l\u2019Union Europ\u00e9enne r\u00e9gule \u00e0 son niveau leur pr\u00e9sence via sa <a href=\"https:\/\/ec.europa.eu\/commission\/presscorner\/detail\/en\/ip_24_4763\" target=\"_blank\" rel=\"noreferrer noopener nofollow\">l\u00e9gislation sur les produits chimiques<\/a>.<\/p>\n<p>Pour informer les Strasbourgeois et Strasbourgeoises, le s\u00e9nateur invite cinq personnalit\u00e9s qualifi\u00e9es \u00e0 r\u00e9pondre aux questions li\u00e9es aux PFAS \u00e0 diff\u00e9rents niveaux\u00a0: juridique, politique, scientifique.<\/p>\n<p><img loading=\"lazy\" decoding=\"async\" width=\"792\" height=\"792\" src=\"https:\/\/www.europesays.com\/fr\/wp-content\/uploads\/2025\/05\/5800641861017258634-792x792.jpg\" alt=\"\" class=\"wp-image-341909\"  \/><\/p>\n<p><a href=\"https:\/\/www.rue89strasbourg.com\/strasbourg-alsace-eau-polluants-eternels-331148#:~:text=En%202024%2C%20Rue89%20Strasbourg%20a,PFAS%2C%20est%20tr%C3%A8s%20peu%20connue.\" target=\"_blank\" rel=\"noreferrer noopener nofollow\">En janvier 2025<\/a>, l\u2019association de consommateurs UFC-Que Choisir notait la pr\u00e9sence de huit PFAS dans des relev\u00e9s d\u2019eau du robinet sur le territoire alsacien.<\/p>\n<p>Y <strong>aller<\/strong><\/p>\n<p><strong>Polluants \u00e9ternels, probl\u00e8me \u00e9ternel\u00a0?<\/strong>,\u00a0discussion publique lundi 5 mai \u00e0 19h au Foyer de l\u2019\u00e9tudiant catholique, 17 place Saint-\u00c9tienne, Strasbourg\u00a0\u2013 centre. Entr\u00e9e libre.<\/p>\n","protected":false},"excerpt":{"rendered":"Lundi 5 mai, le s\u00e9nateur \u00e9cologiste Jacques Fernique organise une discussion au Foyer de l\u2019\u00e9tudiant catholique de Strasbourg&hellip;\n","protected":false},"author":2,"featured_media":66106,"comment_status":"","ping_status":"","sticky":false,"template":"","format":"standard","meta":{"footnotes":""},"categories":[2820],"tags":[1111,11,436,1777,674,1011,27,775,16651,12,13885,25,71,640],"class_list":{"0":"post-66105","1":"post","2":"type-post","3":"status-publish","4":"format-standard","5":"has-post-thumbnail","7":"category-strasbourg","8":"tag-actu","9":"tag-actualites","10":"tag-environnement","11":"tag-eu","12":"tag-europe","13":"tag-fr","14":"tag-france","15":"tag-grand-est","16":"tag-jacques-fernique","17":"tag-news","18":"tag-pfas","19":"tag-republique-francaise","20":"tag-sante","21":"tag-strasbourg"},"share_on_mastodon":{"url":"https:\/\/pubeurope.com\/@fr\/114430826502316670","error":""},"_links":{"self":[{"href":"https:\/\/www.europesays.com\/fr\/wp-json\/wp\/v2\/posts\/66105","targetHints":{"allow":["GET"]}}],"collection":[{"href":"https:\/\/www.europesays.com\/fr\/wp-json\/wp\/v2\/posts"}],"about":[{"href":"https:\/\/www.europesays.com\/fr\/wp-json\/wp\/v2\/types\/post"}],"author":[{"embeddable":true,"href":"https:\/\/www.europesays.com\/fr\/wp-json\/wp\/v2\/users\/2"}],"replies":[{"embeddable":true,"href":"https:\/\/www.europesays.com\/fr\/wp-json\/wp\/v2\/comments?post=66105"}],"version-history":[{"count":0,"href":"https:\/\/www.europesays.com\/fr\/wp-json\/wp\/v2\/posts\/66105\/revisions"}],"wp:featuredmedia":[{"embeddable":true,"href":"https:\/\/www.europesays.com\/fr\/wp-json\/wp\/v2\/media\/66106"}],"wp:attachment":[{"href":"https:\/\/www.europesays.com\/fr\/wp-json\/wp\/v2\/media?parent=66105"}],"wp:term":[{"taxonomy":"category","embeddable":true,"href":"https:\/\/www.europesays.com\/fr\/wp-json\/wp\/v2\/categories?post=66105"},{"taxonomy":"post_tag","embeddable":true,"href":"https:\/\/www.europesays.com\/fr\/wp-json\/wp\/v2\/tags?post=66105"}],"curies":[{"name":"wp","href":"https:\/\/api.w.org\/{rel}","templated":true}]}}