{"id":661052,"date":"2026-01-13T17:19:11","date_gmt":"2026-01-13T17:19:11","guid":{"rendered":"https:\/\/www.europesays.com\/fr\/661052\/"},"modified":"2026-01-13T17:19:11","modified_gmt":"2026-01-13T17:19:11","slug":"500-voyageurs-bloques-3-heures-dans-un-ter-a-hauteur-du-tunnel-de-caluire","status":"publish","type":"post","link":"https:\/\/www.europesays.com\/fr\/661052\/","title":{"rendered":"500 voyageurs bloqu\u00e9s 3 heures dans un TER \u00e0 hauteur du tunnel de Caluire"},"content":{"rendered":"<p>\u00ab\u00a0On est rest\u00e9s bloqu\u00e9s 3 heures dans le train TER 17823 Dijon-Lyon Part-Dieu sans information\u00a0\u00bb. St\u00e9fano, 46 ans, qui prend quotidiennement la ligne au d\u00e9part de Saint-Germain-au-Mont-d\u2019Or en direction de Part-Dieu ne d\u00e9col\u00e8re pas. Il a l\u2019habitude des retards quasi quotidiens, mais l\u00e0, la SNCF a \u00ab\u00a0abus\u00e9\u00a0\u00bb, selon son expression. Il regrette le manque de prise en compte de l\u2019urgence de la situation.<\/p>\n<p>Il a fallu attendre 3 heures dans le train avant qu\u2019une solution soit trouv\u00e9e ce mardi en fin de matin\u00e9e. \u00ab\u00a0Le TER bond\u00e9 est tomb\u00e9 en panne vers 8\u00a0h\u00a050 \u00e0 la sortie du tunnel de Caluire, nous avons \u00e9t\u00e9 \u00e9vacu\u00e9s qu\u2019\u00e0 11\u00a0h\u00a050. On nous a fait descendre du train pour traverser les voies en&#8230;<\/p>\n","protected":false},"excerpt":{"rendered":"\u00ab\u00a0On est rest\u00e9s bloqu\u00e9s 3 heures dans le train TER 17823 Dijon-Lyon Part-Dieu sans information\u00a0\u00bb. St\u00e9fano, 46 ans,&hellip;\n","protected":false},"author":2,"featured_media":661053,"comment_status":"","ping_status":"","sticky":false,"template":"","format":"standard","meta":{"footnotes":""},"categories":[1889],"tags":[1111,11,2738,2430,15843,15842,2757,3153,1777,674,274,107,1011,27,2428,12,25,2429,14958,2803],"class_list":{"0":"post-661052","1":"post","2":"type-post","3":"status-publish","4":"format-standard","5":"has-post-thumbnail","7":"category-lyon","8":"tag-actu","9":"tag-actualites","10":"tag-ain","11":"tag-auvergne-rhone-alpes","12":"tag-caluire","13":"tag-caluire-et-cuire","14":"tag-edition-lyon-villeurbanne","15":"tag-edition-ouest-lyonnais","16":"tag-eu","17":"tag-europe","18":"tag-faits-divers-justice","19":"tag-fil-info","20":"tag-fr","21":"tag-france","22":"tag-lyon","23":"tag-news","24":"tag-republique-francaise","25":"tag-rhone","26":"tag-saint-germain-au-mont-dor","27":"tag-transport"},"share_on_mastodon":{"url":"https:\/\/pubeurope.com\/@fr\/115888938343556644","error":""},"_links":{"self":[{"href":"https:\/\/www.europesays.com\/fr\/wp-json\/wp\/v2\/posts\/661052","targetHints":{"allow":["GET"]}}],"collection":[{"href":"https:\/\/www.europesays.com\/fr\/wp-json\/wp\/v2\/posts"}],"about":[{"href":"https:\/\/www.europesays.com\/fr\/wp-json\/wp\/v2\/types\/post"}],"author":[{"embeddable":true,"href":"https:\/\/www.europesays.com\/fr\/wp-json\/wp\/v2\/users\/2"}],"replies":[{"embeddable":true,"href":"https:\/\/www.europesays.com\/fr\/wp-json\/wp\/v2\/comments?post=661052"}],"version-history":[{"count":0,"href":"https:\/\/www.europesays.com\/fr\/wp-json\/wp\/v2\/posts\/661052\/revisions"}],"wp:featuredmedia":[{"embeddable":true,"href":"https:\/\/www.europesays.com\/fr\/wp-json\/wp\/v2\/media\/661053"}],"wp:attachment":[{"href":"https:\/\/www.europesays.com\/fr\/wp-json\/wp\/v2\/media?parent=661052"}],"wp:term":[{"taxonomy":"category","embeddable":true,"href":"https:\/\/www.europesays.com\/fr\/wp-json\/wp\/v2\/categories?post=661052"},{"taxonomy":"post_tag","embeddable":true,"href":"https:\/\/www.europesays.com\/fr\/wp-json\/wp\/v2\/tags?post=661052"}],"curies":[{"name":"wp","href":"https:\/\/api.w.org\/{rel}","templated":true}]}}