{"id":661055,"date":"2026-01-13T17:22:14","date_gmt":"2026-01-13T17:22:14","guid":{"rendered":"https:\/\/www.europesays.com\/fr\/661055\/"},"modified":"2026-01-13T17:22:14","modified_gmt":"2026-01-13T17:22:14","slug":"un-nouveau-partenariat-signe-en-faveur-de-lescrime-en-ile-de-france","status":"publish","type":"post","link":"https:\/\/www.europesays.com\/fr\/661055\/","title":{"rendered":"Un nouveau partenariat sign\u00e9 en faveur de l&rsquo;escrime en \u00cele-de-France"},"content":{"rendered":"\n<p lang=\"fr-FR\" style=\"margin-bottom: 0cm;\">La convention a \u00e9t\u00e9 paraph\u00e9e r\u00e9cemment entre la f\u00e9d\u00e9ration fran\u00e7aise d&rsquo;escrime et le conseil r\u00e9gional d&rsquo;\u00cele-de-France. Le tout s&rsquo;est tenu en marge du Challenge international de Paris. Cet accord \u00ab\u00a0renforce la collaboration entre la R\u00e9gion et les instances de l\u2019escrime, afin de\u00a0promouvoir la pratique sportive, les\u00a0valeurs citoyennes\u00a0et l\u2019h\u00e9ritage olympique et paralympique\u00a0en \u00cele-de-France\u00a0\u00bb, peut-on lire sur le site de la f\u00e9d\u00e9ration. Cette derni\u00e8re en profite pour saluer le travail de ses b\u00e9n\u00e9voles, dirigeants et \u00e9ducateurs.<\/p>\n<p lang=\"fr-FR\" style=\"margin-bottom: 0cm;\">\u00a0<\/p>\n<p lang=\"fr-FR\" style=\"margin-bottom: 0cm;\">Nicolas Chacun<\/p>\n<p>!function(f,b,e,v,n,t,s){if(f.fbq)return;n=f.fbq=function(){n.callMethod?<br \/>\nn.callMethod.apply(n,arguments):n.queue.push(arguments)};if(!f._fbq)f._fbq=n;<br \/>\nn.push=n;n.loaded=!0;n.version=&rsquo;2.0&prime;;n.queue=[];t=b.createElement(e);t.async=!0;<br \/>\nt.src=v;s=b.getElementsByTagName(e)[0];s.parentNode.insertBefore(t,s)}(window,<br \/>\ndocument,&rsquo;script&rsquo;,&rsquo;https:\/\/connect.facebook.net\/en_US\/fbevents.js&rsquo;);<br \/>\nfbq(&lsquo;init&rsquo;, &lsquo;278974969201861&rsquo;); \/\/ Insert your pixel ID here.<br \/>\nfbq(&lsquo;track&rsquo;, &lsquo;PageView&rsquo;);<\/p>\n","protected":false},"excerpt":{"rendered":"La convention a \u00e9t\u00e9 paraph\u00e9e r\u00e9cemment entre la f\u00e9d\u00e9ration fran\u00e7aise d&rsquo;escrime et le conseil r\u00e9gional d&rsquo;\u00cele-de-France. Le tout&hellip;\n","protected":false},"author":2,"featured_media":661056,"comment_status":"","ping_status":"","sticky":false,"template":"","format":"standard","meta":{"footnotes":""},"categories":[1592],"tags":[1111,11,1933,1936,1777,1939,674,1011,27,662,1934,12,1940,626,1935,25,1937,1941,1938],"class_list":{"0":"post-661055","1":"post","2":"type-post","3":"status-publish","4":"format-standard","5":"has-post-thumbnail","7":"category-ile-de-france","8":"tag-actu","9":"tag-actualites","10":"tag-actualites-locales","11":"tag-essonne","12":"tag-eu","13":"tag-eure-et-loir","14":"tag-europe","15":"tag-fr","16":"tag-france","17":"tag-ile-de-france","18":"tag-infos-locales","19":"tag-news","20":"tag-oise","21":"tag-paris","22":"tag-pres-de-chez-vous","23":"tag-republique-francaise","24":"tag-seine-et-marne","25":"tag-somme","26":"tag-yvelines"},"share_on_mastodon":{"url":"https:\/\/pubeurope.com\/@fr\/115888950329888359","error":""},"_links":{"self":[{"href":"https:\/\/www.europesays.com\/fr\/wp-json\/wp\/v2\/posts\/661055","targetHints":{"allow":["GET"]}}],"collection":[{"href":"https:\/\/www.europesays.com\/fr\/wp-json\/wp\/v2\/posts"}],"about":[{"href":"https:\/\/www.europesays.com\/fr\/wp-json\/wp\/v2\/types\/post"}],"author":[{"embeddable":true,"href":"https:\/\/www.europesays.com\/fr\/wp-json\/wp\/v2\/users\/2"}],"replies":[{"embeddable":true,"href":"https:\/\/www.europesays.com\/fr\/wp-json\/wp\/v2\/comments?post=661055"}],"version-history":[{"count":0,"href":"https:\/\/www.europesays.com\/fr\/wp-json\/wp\/v2\/posts\/661055\/revisions"}],"wp:featuredmedia":[{"embeddable":true,"href":"https:\/\/www.europesays.com\/fr\/wp-json\/wp\/v2\/media\/661056"}],"wp:attachment":[{"href":"https:\/\/www.europesays.com\/fr\/wp-json\/wp\/v2\/media?parent=661055"}],"wp:term":[{"taxonomy":"category","embeddable":true,"href":"https:\/\/www.europesays.com\/fr\/wp-json\/wp\/v2\/categories?post=661055"},{"taxonomy":"post_tag","embeddable":true,"href":"https:\/\/www.europesays.com\/fr\/wp-json\/wp\/v2\/tags?post=661055"}],"curies":[{"name":"wp","href":"https:\/\/api.w.org\/{rel}","templated":true}]}}