{"id":661057,"date":"2026-01-13T17:23:10","date_gmt":"2026-01-13T17:23:10","guid":{"rendered":"https:\/\/www.europesays.com\/fr\/661057\/"},"modified":"2026-01-13T17:23:10","modified_gmt":"2026-01-13T17:23:10","slug":"paris-travaux-nouveau-projet-quel-avenir-pour-la-fleche-dor-ce-lieu-culturel-emblematique-du-20e","status":"publish","type":"post","link":"https:\/\/www.europesays.com\/fr\/661057\/","title":{"rendered":"Paris. Travaux, nouveau projet&#8230; Quel avenir pour la Fl\u00e8che d&rsquo;or, ce lieu culturel embl\u00e9matique du 20e\u00a0?"},"content":{"rendered":"<p>                    Par<br \/>\n        <strong><br \/>\n            <a href=\"https:\/\/actu.fr\/auteur\/antoine-grotteria02\" title=\"Consulter tous les articles de Antoine Grotteria\" target=\"_blank\" rel=\"noopener\">Antoine Grotteria<\/a><br \/>\n                    <\/strong><\/p>\n<p>        Publi\u00e9 le<\/p>\n<p>            13 janv. 2026 \u00e0 18h02        <\/p>\n<p>En trente ans d\u2019existence, la <strong>Fl\u00e8che d\u2019or<\/strong> a connu plusieurs soubresauts. Le dernier en date s\u2019inscrit dans cette histoire r\u00e9cente. Ce lieu culturel, implant\u00e9 \u00e0 la place de l\u2019ancienne gare de <a href=\"https:\/\/actu.fr\/ile-de-france\/paris_75056\/explosion-mortelle-rue-de-charonne-a-paris-les-autopsies-orientent-vers-la-piste-criminelle_60922872.html\" target=\"_blank\" rel=\"noopener\">Charonne<\/a>, au 102 bis rue de Bagnolet, dans le <a href=\"https:\/\/actu.fr\/ile-de-france\/paris_75056\/municipales-a-paris-la-mairie-du-20e-oublie-de-retirer-des-panneaux-de-propagande-et-pourrait-le-payer-cher_63670041.html\" target=\"_blank\" rel=\"noopener\">20e arrondissement<\/a> de <a href=\"https:\/\/actu.fr\/paris\/\" target=\"_blank\" rel=\"noopener\">Paris<\/a>, va <strong>fermer ses portes le 27\u00a0juin 2026<\/strong>. \u00ab\u2009La Fl\u00e8che d\u2019or va bient\u00f4t fermer, mais elle est bien vivante\u2009\u00bb, a assur\u00e9 l\u2019\u00e9tablissement dans un post publi\u00e9 sur Instagram, le 8\u00a0janvier 2026. Le b\u00e2timent, poss\u00e9d\u00e9 par la ville de Paris depuis 2021, va subir des <strong>travaux<\/strong> dont la dur\u00e9e reste pour le moment inconnu. Une information confirm\u00e9e sur un groupe <a href=\"https:\/\/www.facebook.com\/groups\/collectif20\/posts\/2715445455482385\/\" target=\"_blank\" rel=\"noopener\">Facebook<\/a> par le maire du 20e arrondissement, <a href=\"https:\/\/actu.fr\/ile-de-france\/paris_75056\/resultats-des-municipales-a-paris-eric-pliez-elu-maire-du-20eme-arrondissement_34537229.html\" target=\"_blank\" rel=\"noopener\">\u00c9ric Pliez<\/a> (Place publique).<\/p>\n<p>Un \u00e9tablissement engag\u00e9<\/p>\n<p class=\" wall-content\">Depuis sa cr\u00e9ation en 1995, la Fl\u00e8che d\u2019or revendique sa fonction sociale, culturelle et artistique. D\u2019abord par l\u2019installation d\u2019un caf\u00e9-concert dans lequel se produisaient des artistes engag\u00e9s et \u00e9mergents. Puis, en 2019, par le succ\u00e8s d\u2019un projet cornaqu\u00e9 par des <strong>associations \u00e9cologistes et LGBT +<\/strong>, trois ans apr\u00e8s sa fermeture contrainte par l\u2019accumulation de dettes. Une parenth\u00e8se achev\u00e9e par l\u2019intervention des <a href=\"https:\/\/actu.fr\/tag\/police\" target=\"_blank\" rel=\"noopener\">policiers<\/a>, comme le rapporte le site <a href=\"https:\/\/monpetit20e.com\/la-fleche-dor-va-fermer-pour-travaux-cet-ete-avant-larrivee-dun-nouveau-projet-en-2027\/\" target=\"_blank\" rel=\"noopener\">monpetit20e<\/a>.<\/p>\n<p class=\" wall-content\"><a href=\"https:\/\/www.instagram.com\/p\/DTOBSh6iqfq\/embed\" title=\"Ouvrir le lien sur Instagram\" target=\"_blank\" rel=\"noopener\">Visualiser le contenu sur Instagram<\/a><\/p>\n<p class=\" wall-content\">Ce contretemps n\u2019emp\u00eache pas les habitants et les associations du quartier \u00e0 se <strong>mobiliser<\/strong>. Pouss\u00e9e, la mairie du 20e rach\u00e8te les locaux en pleine crise sanitaire du <a href=\"https:\/\/actu.fr\/societe\/coronavirus\" target=\"_blank\" rel=\"noopener\">Covid-19<\/a>. Le projet, pr\u00e9sent\u00e9 par huit collectifs r\u00e9unis sous la banni\u00e8re INTER-CO, reste \u00e0 l\u2019\u0153uvre. La Fl\u00e8che d\u2019or organise plusieurs actions destin\u00e9es aux citoyens r\u00e9sidant \u00e0 Charonne. Des psychologues re\u00e7oivent le public lors de permanences au cours desquelles des b\u00e9n\u00e9voles accompagnent les minorit\u00e9s dans l\u2019acc\u00e8s \u00e0 <strong>leurs droits<\/strong>.<\/p>\n<p>Une r\u00e9ouverture pr\u00e9vue \u00ab\u2009courant 2027\u2009\u00bb<\/p>\n<p class=\" wall-content\">Son engagement politique et social a parfois suscit\u00e9 la controverse. En 2023, plusieurs \u00e9lus parisiens de droite avaient d\u00e9nonc\u00e9 l\u2019organisation d\u2019un \u00e9v\u00e9nement en soutien aux \u00e9meutiers et aux victimes de violences polici\u00e8res apr\u00e8s <a href=\"https:\/\/actu.fr\/tag\/mort-de-nahel\" target=\"_blank\" rel=\"noopener\">la mort de Nahel M<\/a>.\u00a0\u00e0 <a href=\"https:\/\/actu.fr\/tag\/tribunal-de-nanterre\" target=\"_blank\" rel=\"noopener\">Nanterre<\/a> (Hauts-de-Seine). Aupr\u00e8s du <a href=\"https:\/\/www.leparisien.fr\/paris-75\/violences-urbaines-a-paris-un-concert-en-soutien-aux-familles-des-jeunes-interpelles-05-07-2023-JEJTLCTUGZEKPHUGLOJKTSZNOM.php\" target=\"_blank\" rel=\"noopener\">Parisien<\/a>, \u00c9ric Pliez avait reconnu avoir \u00e9mis \u00ab\u2009des r\u00e9serves\u2009\u00bb sur la tenue de cette soir\u00e9e dont l\u2019intitul\u00e9 \u00e9tait \u00ab\u2009inappropri\u00e9\u2009\u00bb et \u00ab\u2009contreproductif\u2009\u00bb.<\/p>\n<p class=\" wall-content\">D\u00e9sormais se pose la question de son avenir. Contact\u00e9es par actu Paris, ni la mairie du 20e arrondissement ni la Fl\u00e8che d\u2019or n\u2019ont r\u00e9pondu \u00e0 nos sollicitations. Sur Instagram, l\u2019\u00e9tablissement \u00e9voque une r\u00e9ouverture \u00ab\u2009sans doute courant 2027\u2009\u00bb. Le contenu du nouveau projet reste flou.<\/p>\n<p class=\" wall-content\">Personnalisez votre actualit\u00e9 en ajoutant vos villes et m\u00e9dias en favori avec <a href=\"https:\/\/moncompte.actu.fr\" title=\"D\u00e9couvez Mon Actu\" rel=\"nofollow noopener\" data-trk=\"{&quot;cta&quot;:{&quot;action&quot;:&quot;https:\\\/\\\/moncompte.actu.fr&quot;,&quot;category&quot;:&quot;mon compte&quot;,&quot;from&quot;:&quot;article footer&quot;,&quot;name&quot;:&quot;Mon actu&quot;,&quot;type&quot;:&quot;cta&quot;}}\" target=\"_blank\">Mon Actu<\/a>.<\/p>\n<p>                    <script async src=\"\/\/www.instagram.com\/embed.js\"><\/script><\/p>\n","protected":false},"excerpt":{"rendered":"Par Antoine Grotteria Publi\u00e9 le 13 janv. 2026 \u00e0 18h02 En trente ans d\u2019existence, la Fl\u00e8che d\u2019or a&hellip;\n","protected":false},"author":2,"featured_media":661058,"comment_status":"","ping_status":"","sticky":false,"template":"","format":"standard","meta":{"footnotes":""},"categories":[1888],"tags":[1111,1928,11,1927,1777,674,1011,27,9087,2381,12,1926,626,1925,25,104,2086],"class_list":{"0":"post-661057","1":"post","2":"type-post","3":"status-publish","4":"format-standard","5":"has-post-thumbnail","7":"category-paris","8":"tag-actu","9":"tag-actu-paris","10":"tag-actualites","11":"tag-actualites-paris","12":"tag-eu","13":"tag-europe","14":"tag-fr","15":"tag-france","16":"tag-lgbt","17":"tag-mairie-de-paris","18":"tag-news","19":"tag-news-paris","20":"tag-paris","21":"tag-paris-news","22":"tag-republique-francaise","23":"tag-societe","24":"tag-travaux"},"share_on_mastodon":{"url":"https:\/\/pubeurope.com\/@fr\/115888954045598262","error":""},"_links":{"self":[{"href":"https:\/\/www.europesays.com\/fr\/wp-json\/wp\/v2\/posts\/661057","targetHints":{"allow":["GET"]}}],"collection":[{"href":"https:\/\/www.europesays.com\/fr\/wp-json\/wp\/v2\/posts"}],"about":[{"href":"https:\/\/www.europesays.com\/fr\/wp-json\/wp\/v2\/types\/post"}],"author":[{"embeddable":true,"href":"https:\/\/www.europesays.com\/fr\/wp-json\/wp\/v2\/users\/2"}],"replies":[{"embeddable":true,"href":"https:\/\/www.europesays.com\/fr\/wp-json\/wp\/v2\/comments?post=661057"}],"version-history":[{"count":0,"href":"https:\/\/www.europesays.com\/fr\/wp-json\/wp\/v2\/posts\/661057\/revisions"}],"wp:featuredmedia":[{"embeddable":true,"href":"https:\/\/www.europesays.com\/fr\/wp-json\/wp\/v2\/media\/661058"}],"wp:attachment":[{"href":"https:\/\/www.europesays.com\/fr\/wp-json\/wp\/v2\/media?parent=661057"}],"wp:term":[{"taxonomy":"category","embeddable":true,"href":"https:\/\/www.europesays.com\/fr\/wp-json\/wp\/v2\/categories?post=661057"},{"taxonomy":"post_tag","embeddable":true,"href":"https:\/\/www.europesays.com\/fr\/wp-json\/wp\/v2\/tags?post=661057"}],"curies":[{"name":"wp","href":"https:\/\/api.w.org\/{rel}","templated":true}]}}