{"id":661059,"date":"2026-01-13T17:24:14","date_gmt":"2026-01-13T17:24:14","guid":{"rendered":"https:\/\/www.europesays.com\/fr\/661059\/"},"modified":"2026-01-13T17:24:14","modified_gmt":"2026-01-13T17:24:14","slug":"david-amar-nouveau-president-du-consistoire-de-paris-lunite-est-la-cle-de-la-perennite-du-judaisme","status":"publish","type":"post","link":"https:\/\/www.europesays.com\/fr\/661059\/","title":{"rendered":"David Amar, Nouveau Pr\u00e9sident Du Consistoire De Paris : \u00ab\u00a0L\u2019unit\u00e9 Est La Cl\u00e9 De La P\u00e9rennit\u00e9 Du Juda\u00efsme\u00a0\u00bb"},"content":{"rendered":"<p class=\"\" data-is=\"component-paragraph\">\u00c9lu \u00e0 la t\u00eate du Consistoire de Paris, David Amar a pris ses fonctions dans un contexte particuli\u00e8rement sensible pour les Juifs de France. Invit\u00e9 mardi sur i24NEWS, il a rendu hommage \u00e0 son pr\u00e9d\u00e9cesseur, Jo\u00ebl Mergui, rest\u00e9 en poste durant vingt ans, saluant \u00ab une institution exceptionnelle \u00bb qui a su tenir dans les moments les plus difficiles, de la crise du Covid \u00e0 la guerre en Isra\u00ebl.<\/p>\n<p class=\"\" data-is=\"component-paragraph\">Rappelant le r\u00f4le central du Consistoire, David Amar a soulign\u00e9 ses trois piliers : l\u2019accompagnement des communaut\u00e9s \u2014 pr\u00e8s d\u2019une centaine en \u00cele-de-France \u2014, la supervision de la cacherout, qui concerne environ 200 restaurants et de nombreux services religieux, et l\u2019encadrement de la vie juive, du mariage aux d\u00e9marches li\u00e9es \u00e0 l\u2019alyah. Il a insist\u00e9 sur l\u2019engagement constant de l\u2019institution aupr\u00e8s des nouveaux immigrants vers Isra\u00ebl, <a data-is=\"component-link\" href=\"https:\/\/www.i24news.tv\/fr\/actu\/international\/artc-l-alyah-depuis-la-france-en-hausse-de-plus-de-45-en-2025\" title=\"https:\/\/www.i24news.tv\/fr\/actu\/international\/artc-l-alyah-depuis-la-france-en-hausse-de-plus-de-45-en-2025\" target=\"\" class=\"link\" rel=\"noopener\">alors que l\u2019alyah depuis la France a bondi de 45 % en 2025<\/a>.<\/p>\n<p><img alt=\"Video poster\" class=\"video-poster\" data-is=\"lazy-image\" data-observed-item-id=\"https:\/\/api.i24news.tv\/fr\/brightcove\/6387665860112\/poster\"\/>Consistoire de Paris : les d\u00e9fils auxquels le nouveau pr\u00e9sident fera face<\/p>\n<p class=\"\" data-is=\"component-paragraph\">Interrog\u00e9 sur cette hausse, le nouveau pr\u00e9sident a \u00e9voqu\u00e9 un \u00ab processus naturel \u00bb, rappelant l\u2019attachement spirituel historique du juda\u00efsme \u00e0 Isra\u00ebl. Selon lui, l\u2019accompagnement des d\u00e9parts ne fragilise pas la communaut\u00e9 rest\u00e9e en France : \u00ab \u00c0 chaque vague d\u2019alyah, d\u2019autres Juifs rejoignent nos synagogues et renforcent la vie communautaire \u00bb, a-t-il assur\u00e9.<\/p>\n<p class=\"\" data-is=\"component-paragraph\">Face \u00e0 la mont\u00e9e des actes antis\u00e9mites, David Amar a fix\u00e9 comme priorit\u00e9 l\u2019unit\u00e9. \u00ab Si nous sommes unis, cette force donnera un sens \u00e0 la p\u00e9rennit\u00e9 du juda\u00efsme \u00bb, a-t-il d\u00e9clar\u00e9, appelant \u00e0 une coop\u00e9ration \u00e9troite entre toutes les institutions juives. S\u2019il reconna\u00eet l\u2019existence de quartiers difficiles, il estime qu\u2019il n\u2019existe pas aujourd\u2019hui de menace g\u00e9n\u00e9ralis\u00e9e contre la vie juive \u00e0 Paris, affirmant porter la kippa sans crainte depuis des d\u00e9cennies.<\/p>\n<p class=\"\" data-is=\"component-paragraph\">Enfin, loin d\u2019un repli, il observe depuis le 7 octobre 2023 un regain d\u2019identit\u00e9 et de fr\u00e9quentation des synagogues et des restaurants cachers. \u00ab La communaut\u00e9 juive de France est forte, et elle continuera \u00e0 l\u2019\u00eatre \u00bb, a-t-il conclu.<\/p>\n","protected":false},"excerpt":{"rendered":"\u00c9lu \u00e0 la t\u00eate du Consistoire de Paris, David Amar a pris ses fonctions dans un contexte particuli\u00e8rement&hellip;\n","protected":false},"author":2,"featured_media":661060,"comment_status":"","ping_status":"","sticky":false,"template":"","format":"standard","meta":{"footnotes":""},"categories":[1888],"tags":[1111,1928,11,1927,1777,674,1011,27,12,1926,626,1925,25],"class_list":{"0":"post-661059","1":"post","2":"type-post","3":"status-publish","4":"format-standard","5":"has-post-thumbnail","7":"category-paris","8":"tag-actu","9":"tag-actu-paris","10":"tag-actualites","11":"tag-actualites-paris","12":"tag-eu","13":"tag-europe","14":"tag-fr","15":"tag-france","16":"tag-news","17":"tag-news-paris","18":"tag-paris","19":"tag-paris-news","20":"tag-republique-francaise"},"share_on_mastodon":{"url":"https:\/\/pubeurope.com\/@fr\/115888957893464214","error":""},"_links":{"self":[{"href":"https:\/\/www.europesays.com\/fr\/wp-json\/wp\/v2\/posts\/661059","targetHints":{"allow":["GET"]}}],"collection":[{"href":"https:\/\/www.europesays.com\/fr\/wp-json\/wp\/v2\/posts"}],"about":[{"href":"https:\/\/www.europesays.com\/fr\/wp-json\/wp\/v2\/types\/post"}],"author":[{"embeddable":true,"href":"https:\/\/www.europesays.com\/fr\/wp-json\/wp\/v2\/users\/2"}],"replies":[{"embeddable":true,"href":"https:\/\/www.europesays.com\/fr\/wp-json\/wp\/v2\/comments?post=661059"}],"version-history":[{"count":0,"href":"https:\/\/www.europesays.com\/fr\/wp-json\/wp\/v2\/posts\/661059\/revisions"}],"wp:featuredmedia":[{"embeddable":true,"href":"https:\/\/www.europesays.com\/fr\/wp-json\/wp\/v2\/media\/661060"}],"wp:attachment":[{"href":"https:\/\/www.europesays.com\/fr\/wp-json\/wp\/v2\/media?parent=661059"}],"wp:term":[{"taxonomy":"category","embeddable":true,"href":"https:\/\/www.europesays.com\/fr\/wp-json\/wp\/v2\/categories?post=661059"},{"taxonomy":"post_tag","embeddable":true,"href":"https:\/\/www.europesays.com\/fr\/wp-json\/wp\/v2\/tags?post=661059"}],"curies":[{"name":"wp","href":"https:\/\/api.w.org\/{rel}","templated":true}]}}