{"id":661063,"date":"2026-01-13T17:26:10","date_gmt":"2026-01-13T17:26:10","guid":{"rendered":"https:\/\/www.europesays.com\/fr\/661063\/"},"modified":"2026-01-13T17:26:10","modified_gmt":"2026-01-13T17:26:10","slug":"du-foot-au-cinema-a-paris-le-grand-rex-diffusera-la-finale-de-la-can-quand-et-comment-obtenir-une-place","status":"publish","type":"post","link":"https:\/\/www.europesays.com\/fr\/661063\/","title":{"rendered":"Du foot au cin\u00e9ma ? \u00c0 Paris, le Grand Rex diffusera la finale de la CAN, quand et comment obtenir une place"},"content":{"rendered":"<p>                    Par<br \/>\n        <strong><br \/>\n            <a href=\"https:\/\/actu.fr\/auteur\/redaction-paris\" title=\"Consulter tous les articles de R\u00e9daction Paris\" target=\"_blank\" rel=\"noopener\">R\u00e9daction Paris<\/a><br \/>\n                    <\/strong><\/p>\n<p>        Publi\u00e9 le<\/p>\n<p>            13 janv. 2026 \u00e0 17h02        <\/p>\n<p>Les \u00e9quipes finalistes ne sont pas encore connues que d\u00e9j\u00e0 le <a href=\"https:\/\/actu.fr\/tag\/grand-rex\" target=\"_blank\" rel=\"noopener\">Grand Rex<\/a> anticipe. Le cin\u00e9ma r\u00e9cemment \u00e9lu <a href=\"https:\/\/actu.fr\/ile-de-france\/paris_75056\/temple-art-deco-de-paris-ce-cinema-est-le-plus-beau-du-monde-selon-le-classement-time-out_62305320.html\" target=\"_blank\" rel=\"noopener\">le plus beau du monde<\/a> a annonc\u00e9 que le match d\u00e9cisif de la <strong>CAN<\/strong> serait diffus\u00e9 dans sa salle Infinite, dimanche 18 janvier 2026.<\/p>\n<p>\u00ab\u00a0Un cadre exceptionnel\u00a0\u00bb<\/p>\n<p class=\" wall-content\">\u00ab\u00a0La finale de la CAN comme vous ne l\u2019avez jamais v\u00e9cue. Un moment historique \u00e0 vivre ensemble, dans un cadre exceptionnel\u00a0\u00bb, promet le cin\u00e9ma. Un \u00ab\u00a0moment historique\u00a0\u00bb qui a un prix : les places sont mises en vente \u00e0 <strong>21 euros<\/strong>.\u00a0Le coup d\u2019envoi sera donn\u00e9 \u00e0 20 heures mais les spectateurs sont invit\u00e9s \u00e0 prendre place d\u00e8s 19h30.\u00a0<\/p>\n<p>    <a href=\"https:\/\/www.facebook.com\/plugins\/post.php?href=https%3A%2F%2Fwww.facebook.com%2FGrandRexParis%2Fposts%2Fpfbid02pv19ukrUt1kpY7AEVTdHYGMdSii6gLmfhT7m8jYPCMkvNCx11doo8xtm1REtsU2tl&amp;show_text=true&amp;width=350\" title=\"Ouvrie le lien\" target=\"_blank\" rel=\"noopener\">Cliquez ici pour visualiser le contenu<\/a><\/p>\n<p class=\" wall-content\">Un peu plus loin, en Seine-Saint-Denis, <a href=\"https:\/\/actu.fr\/ile-de-france\/bondy_93010\/coupe-d-afrique-des-nations-bondy-va-diffuser-gratuitement-les-matchs-sur-ecran-geant_63671088.html\" target=\"_blank\" rel=\"noopener\">plusieurs villes ont elles aussi pris leurs dispositions<\/a>.\u00a0Bondy, Saint-Denis et Montreuil installeront des grands \u00e9crans pour diffuser la finale, gratuitement.\u00a0<\/p>\n<p class=\" wall-content\">Personnalisez votre actualit\u00e9 en ajoutant vos villes et m\u00e9dias en favori avec <a href=\"https:\/\/moncompte.actu.fr\" title=\"D\u00e9couvez Mon Actu\" rel=\"nofollow noopener\" data-trk=\"{&quot;cta&quot;:{&quot;action&quot;:&quot;https:\\\/\\\/moncompte.actu.fr&quot;,&quot;category&quot;:&quot;mon compte&quot;,&quot;from&quot;:&quot;article footer&quot;,&quot;name&quot;:&quot;Mon actu&quot;,&quot;type&quot;:&quot;cta&quot;}}\" target=\"_blank\">Mon Actu<\/a>.<\/p>\n","protected":false},"excerpt":{"rendered":"Par R\u00e9daction Paris Publi\u00e9 le 13 janv. 2026 \u00e0 17h02 Les \u00e9quipes finalistes ne sont pas encore connues&hellip;\n","protected":false},"author":2,"featured_media":661064,"comment_status":"","ping_status":"","sticky":false,"template":"","format":"standard","meta":{"footnotes":""},"categories":[1888],"tags":[11,650,1777,674,63,1011,27,12,626,25,60],"class_list":{"0":"post-661063","1":"post","2":"type-post","3":"status-publish","4":"format-standard","5":"has-post-thumbnail","7":"category-paris","8":"tag-actualites","9":"tag-cinema","10":"tag-eu","11":"tag-europe","12":"tag-football","13":"tag-fr","14":"tag-france","15":"tag-news","16":"tag-paris","17":"tag-republique-francaise","18":"tag-sports"},"share_on_mastodon":{"url":"https:\/\/pubeurope.com\/@fr\/115888965884424163","error":""},"_links":{"self":[{"href":"https:\/\/www.europesays.com\/fr\/wp-json\/wp\/v2\/posts\/661063","targetHints":{"allow":["GET"]}}],"collection":[{"href":"https:\/\/www.europesays.com\/fr\/wp-json\/wp\/v2\/posts"}],"about":[{"href":"https:\/\/www.europesays.com\/fr\/wp-json\/wp\/v2\/types\/post"}],"author":[{"embeddable":true,"href":"https:\/\/www.europesays.com\/fr\/wp-json\/wp\/v2\/users\/2"}],"replies":[{"embeddable":true,"href":"https:\/\/www.europesays.com\/fr\/wp-json\/wp\/v2\/comments?post=661063"}],"version-history":[{"count":0,"href":"https:\/\/www.europesays.com\/fr\/wp-json\/wp\/v2\/posts\/661063\/revisions"}],"wp:featuredmedia":[{"embeddable":true,"href":"https:\/\/www.europesays.com\/fr\/wp-json\/wp\/v2\/media\/661064"}],"wp:attachment":[{"href":"https:\/\/www.europesays.com\/fr\/wp-json\/wp\/v2\/media?parent=661063"}],"wp:term":[{"taxonomy":"category","embeddable":true,"href":"https:\/\/www.europesays.com\/fr\/wp-json\/wp\/v2\/categories?post=661063"},{"taxonomy":"post_tag","embeddable":true,"href":"https:\/\/www.europesays.com\/fr\/wp-json\/wp\/v2\/tags?post=661063"}],"curies":[{"name":"wp","href":"https:\/\/api.w.org\/{rel}","templated":true}]}}