{"id":66107,"date":"2025-05-01T05:03:12","date_gmt":"2025-05-01T05:03:12","guid":{"rendered":"https:\/\/www.europesays.com\/fr\/66107\/"},"modified":"2025-05-01T05:03:12","modified_gmt":"2025-05-01T05:03:12","slug":"toute-lactu-top-music-un-nouveau-nom-pour-lancien-zoo-de-lorangerie","status":"publish","type":"post","link":"https:\/\/www.europesays.com\/fr\/66107\/","title":{"rendered":"Toute l&rsquo;actu Top Music &#8211; Un nouveau nom pour l&rsquo;ancien zoo de l&rsquo;Orangerie"},"content":{"rendered":"<p><img decoding=\"async\" class=\"\" style=\"width:100%\" src=\"https:\/\/www.europesays.com\/fr\/wp-content\/uploads\/2025\/05\/orangerie1746021424789.webp.webp\" alt=\"Un nouveau nom pour l'ancien zoo de l'Orangerie\"\/><\/p>\n<p>Un nouveau nom pour l&rsquo;ancien zoo de l&rsquo;Orangerie<\/p>\n<p>Cr\u00e9dit : Top Music <\/p>\n<p>Depuis le mois de mars, la Ville de Strasbourg et le groupement inter-associatif en charge du projet ont lanc\u00e9 une d\u00e9marche participative pour permettre aux habitants de s\u2019approprier ce lieu en mutation. La premi\u00e8re phase, men\u00e9e par le SINE (Syndicat d\u2019Initiative Nature et Environnement), a permis de recueillir de nombreuses suggestions de noms.<\/p>\n<p>Un jury citoyen et associatif s\u2019est r\u00e9uni pour en s\u00e9lectionner trois finalistes, d\u00e9sormais soumis au vote du public :<\/p>\n<ul>\n<li><strong>L\u2019Arche de l\u2019Orangerie<\/strong>, en r\u00e9f\u00e9rence \u00e0 l\u2019Arche de No\u00e9, symbole de pr\u00e9servation des esp\u00e8ces et de la biodiversit\u00e9.<\/li>\n<li><strong>L\u2019Orangerie des animaux<\/strong>, qui r\u00e9affirme la place de la faune dans le parc, en \u00e9cho \u00e0 son nom historique.<\/li>\n<li><strong>PIAFF !<\/strong> acronyme de \u00ab Pavillons Inter Associatifs pour la Faune et la Flore ! \u00bb, un clin d\u2019\u0153il \u00e0 la dynamique collective et \u00e0 l\u2019engagement citoyen du projet.<\/li>\n<\/ul>\n<p>Du <strong>1er au 10 juin<\/strong>, les habitants pourront exprimer leur pr\u00e9f\u00e9rence via un vote en ligne sur la plateforme participative de la Ville : <a href=\"https:\/\/stras.me\/animaux-orangerie\" target=\"_blank\" rel=\"noopener\">stras.me\/animaux-orangerie<\/a>.<\/p>\n<p>La ville de Strasbourg a opt\u00e9 pour la m\u00e9thode de <strong>jugement majoritaire<\/strong>, qui permet de classer les propositions selon le niveau d\u2019appr\u00e9ciation de chacun plut\u00f4t qu\u2019un simple vote unique.<\/p>\n<p>Le nom gagnant sera d\u00e9voil\u00e9 au d\u00e9but de l\u2019\u00e9t\u00e9 2025. Il incarnera la nouvelle identit\u00e9 de ce lieu en transition, qui ne se veut plus un zoo, mais un espace d\u00e9di\u00e9 \u00e0 la sensibilisation \u00e0 la biodiversit\u00e9 et \u00e0 l\u2019accueil de la faune locale.<\/p>\n","protected":false},"excerpt":{"rendered":"Un nouveau nom pour l&rsquo;ancien zoo de l&rsquo;Orangerie Cr\u00e9dit : Top Music Depuis le mois de mars, la&hellip;\n","protected":false},"author":2,"featured_media":66108,"comment_status":"","ping_status":"","sticky":false,"template":"","format":"standard","meta":{"footnotes":""},"categories":[2820],"tags":[1111,11,1867,6560,1777,674,1011,27,775,4021,6372,16654,12,16653,4565,16652,153,25,640,7420,6031],"class_list":{"0":"post-66107","1":"post","2":"type-post","3":"status-publish","4":"format-standard","5":"has-post-thumbnail","7":"category-strasbourg","8":"tag-actu","9":"tag-actualites","10":"tag-animaux","11":"tag-changement","12":"tag-eu","13":"tag-europe","14":"tag-fr","15":"tag-france","16":"tag-grand-est","17":"tag-habitants","18":"tag-jugement","19":"tag-mutation","20":"tag-news","21":"tag-noms","22":"tag-nouveau","23":"tag-orangerie","24":"tag-parc","25":"tag-republique-francaise","26":"tag-strasbourg","27":"tag-top-music","28":"tag-zoo"},"share_on_mastodon":{"url":"https:\/\/pubeurope.com\/@fr\/114430830568842171","error":""},"_links":{"self":[{"href":"https:\/\/www.europesays.com\/fr\/wp-json\/wp\/v2\/posts\/66107","targetHints":{"allow":["GET"]}}],"collection":[{"href":"https:\/\/www.europesays.com\/fr\/wp-json\/wp\/v2\/posts"}],"about":[{"href":"https:\/\/www.europesays.com\/fr\/wp-json\/wp\/v2\/types\/post"}],"author":[{"embeddable":true,"href":"https:\/\/www.europesays.com\/fr\/wp-json\/wp\/v2\/users\/2"}],"replies":[{"embeddable":true,"href":"https:\/\/www.europesays.com\/fr\/wp-json\/wp\/v2\/comments?post=66107"}],"version-history":[{"count":0,"href":"https:\/\/www.europesays.com\/fr\/wp-json\/wp\/v2\/posts\/66107\/revisions"}],"wp:featuredmedia":[{"embeddable":true,"href":"https:\/\/www.europesays.com\/fr\/wp-json\/wp\/v2\/media\/66108"}],"wp:attachment":[{"href":"https:\/\/www.europesays.com\/fr\/wp-json\/wp\/v2\/media?parent=66107"}],"wp:term":[{"taxonomy":"category","embeddable":true,"href":"https:\/\/www.europesays.com\/fr\/wp-json\/wp\/v2\/categories?post=66107"},{"taxonomy":"post_tag","embeddable":true,"href":"https:\/\/www.europesays.com\/fr\/wp-json\/wp\/v2\/tags?post=66107"}],"curies":[{"name":"wp","href":"https:\/\/api.w.org\/{rel}","templated":true}]}}