{"id":661071,"date":"2026-01-13T17:30:11","date_gmt":"2026-01-13T17:30:11","guid":{"rendered":"https:\/\/www.europesays.com\/fr\/661071\/"},"modified":"2026-01-13T17:30:11","modified_gmt":"2026-01-13T17:30:11","slug":"royaume-uni-un-adolescent-juge-pour-avoir-prepare-un-projet-dattentat-contre-des-synagogues","status":"publish","type":"post","link":"https:\/\/www.europesays.com\/fr\/661071\/","title":{"rendered":"Royaume-Uni : Un Adolescent Jug\u00e9 Pour Avoir Pr\u00e9par\u00e9 Un Projet D\u2019attentat Contre Des Synagogues"},"content":{"rendered":"<p class=\"\" data-is=\"component-paragraph\">Un adolescent britannique de 16 ans compara\u00eet depuis mardi devant la justice, accus\u00e9 d\u2019avoir pr\u00e9par\u00e9 des actes terroristes d\u2019extr\u00eame droite, notamment en rep\u00e9rant des synagogues et en se procurant des armes et du mat\u00e9riel destin\u00e9 \u00e0 la fabrication d\u2019explosifs. Le jeune homme, dont l\u2019identit\u00e9 ne peut \u00eatre r\u00e9v\u00e9l\u00e9e en raison de son \u00e2ge, est jug\u00e9 devant la Leeds Crown Court, rapporte l&rsquo;agence Reuters.<\/p>\n<p class=\"\" data-is=\"component-paragraph\">Selon l\u2019accusation, l\u2019adolescent \u00e9tait membre d\u2019un groupe supr\u00e9maciste blanc interdit et nourrissait une id\u00e9ologie violente fond\u00e9e sur la haine raciale. La procureure Michelle Heeley a indiqu\u00e9 que le pr\u00e9venu avait t\u00e9l\u00e9charg\u00e9 et partag\u00e9 des vid\u00e9os d\u2019attaques, de fusillades et de d\u00e9capitations, tout en exprimant son admiration pour Adolf Hitler. Des carnets saisis \u00e0 son domicile r\u00e9v\u00e9leraient une hostilit\u00e9 explicite envers les Juifs et les personnes noires, ainsi qu\u2019une fascination pour des auteurs d\u2019attentats d\u2019extr\u00eame droite.<\/p>\n<p><img alt=\"Video poster\" class=\"video-poster\" data-is=\"lazy-image\" data-observed-item-id=\"https:\/\/api.i24news.tv\/fr\/brightcove\/6387661869112\/poster\"\/>Contestation en Iran : J\u00e9rusalem se pr\u00e9pare aussi au pire sc\u00e9nario<\/p>\n<p class=\"\" data-is=\"component-paragraph\">Lors d\u2019une perquisition men\u00e9e dans la maison qu\u2019il partageait avec son p\u00e8re, dans un village isol\u00e9 du nord de l\u2019Royaume-Uni, la police a d\u00e9couvert des couteaux, des arbal\u00e8tes, des v\u00eatements militaires et des documents montrant, selon l\u2019accusation, une pr\u00e9paration concr\u00e8te au passage \u00e0 l\u2019acte. Les enqu\u00eateurs estiment qu\u2019il cherchait \u00e0 transformer sa radicalisation en violence r\u00e9elle.<\/p>\n<p class=\"\" data-is=\"component-paragraph\">L\u2019adolescent est \u00e9galement soup\u00e7onn\u00e9 d\u2019avoir pris contact en ligne avec The Base, une organisation n\u00e9onazie interdite, et d\u2019avoir affich\u00e9 des posters du groupe dans son village. Il aurait par ailleurs men\u00e9 des recherches d\u00e9taill\u00e9es sur des synagogues locales afin d\u2019identifier des cibles potentielles.<\/p>\n<p class=\"\" data-is=\"component-paragraph\">Le pr\u00e9venu nie l\u2019ensemble des charges, notamment la pr\u00e9paration d\u2019actes terroristes, l\u2019appartenance \u00e0 une organisation proscrite et la diffusion de documents terroristes. Le proc\u00e8s se poursuit.<\/p>\n","protected":false},"excerpt":{"rendered":"Un adolescent britannique de 16 ans compara\u00eet depuis mardi devant la justice, accus\u00e9 d\u2019avoir pr\u00e9par\u00e9 des actes terroristes&hellip;\n","protected":false},"author":2,"featured_media":661072,"comment_status":"","ping_status":"","sticky":false,"template":"","format":"standard","meta":{"footnotes":""},"categories":[1588],"tags":[11,1777,674,12,473,1853,1851,1850,1852],"class_list":{"0":"post-661071","1":"post","2":"type-post","3":"status-publish","4":"format-standard","5":"has-post-thumbnail","7":"category-royaume-uni","8":"tag-actualites","9":"tag-eu","10":"tag-europe","11":"tag-news","12":"tag-royaume-uni","13":"tag-royaume-uni-de-grande-bretagne-et-dirlande-du-nord","14":"tag-uk","15":"tag-united-kingdom","16":"tag-united-kingdom-of-great-britain-and-northern-ireland"},"share_on_mastodon":{"url":"https:\/\/pubeurope.com\/@fr\/115888981551107232","error":""},"_links":{"self":[{"href":"https:\/\/www.europesays.com\/fr\/wp-json\/wp\/v2\/posts\/661071","targetHints":{"allow":["GET"]}}],"collection":[{"href":"https:\/\/www.europesays.com\/fr\/wp-json\/wp\/v2\/posts"}],"about":[{"href":"https:\/\/www.europesays.com\/fr\/wp-json\/wp\/v2\/types\/post"}],"author":[{"embeddable":true,"href":"https:\/\/www.europesays.com\/fr\/wp-json\/wp\/v2\/users\/2"}],"replies":[{"embeddable":true,"href":"https:\/\/www.europesays.com\/fr\/wp-json\/wp\/v2\/comments?post=661071"}],"version-history":[{"count":0,"href":"https:\/\/www.europesays.com\/fr\/wp-json\/wp\/v2\/posts\/661071\/revisions"}],"wp:featuredmedia":[{"embeddable":true,"href":"https:\/\/www.europesays.com\/fr\/wp-json\/wp\/v2\/media\/661072"}],"wp:attachment":[{"href":"https:\/\/www.europesays.com\/fr\/wp-json\/wp\/v2\/media?parent=661071"}],"wp:term":[{"taxonomy":"category","embeddable":true,"href":"https:\/\/www.europesays.com\/fr\/wp-json\/wp\/v2\/categories?post=661071"},{"taxonomy":"post_tag","embeddable":true,"href":"https:\/\/www.europesays.com\/fr\/wp-json\/wp\/v2\/tags?post=661071"}],"curies":[{"name":"wp","href":"https:\/\/api.w.org\/{rel}","templated":true}]}}