{"id":661073,"date":"2026-01-13T17:31:12","date_gmt":"2026-01-13T17:31:12","guid":{"rendered":"https:\/\/www.europesays.com\/fr\/661073\/"},"modified":"2026-01-13T17:31:12","modified_gmt":"2026-01-13T17:31:12","slug":"willy-sagnol-se-lache-sur-les-allemands","status":"publish","type":"post","link":"https:\/\/www.europesays.com\/fr\/661073\/","title":{"rendered":"Willy Sagnol se l\u00e2che sur les Allemands"},"content":{"rendered":"<p><strong>Joueur du Bayern Munich pendant<br \/>\nhuit ans, Willy Sagnol garde un souvenir mitig\u00e9 de son passage en<br \/>\nAllemagne.<\/strong><\/p>\n<p>Retrait\u00e9 depuis 2008, Willy Sagnol est rest\u00e9 proche des<br \/>\nterrains. Apr\u00e8s une carri\u00e8re de joueur r\u00e9ussie, qui l\u2019a vu \u00e9voluer<br \/>\n\u00e0 Saint-\u00c9tienne (1996-1997), \u00e0 Monaco (1997-2000) puis au <a href=\"https:\/\/www.sports.fr\/football\/bayern-munich\" target=\"_blank\" rel=\"noopener\">Bayern Munich<\/a><br \/>\n(2000-2008), l\u2019ancien international fran\u00e7ais (58 s\u00e9lections) est<br \/>\ndevenu entra\u00eeneur. Une reconversion entam\u00e9e chez les Espoirs qu\u2019il<br \/>\npoursuit actuellement sur le banc de la G\u00e9orgie, dont il est le<br \/>\ns\u00e9lectionneur depuis 2021.<\/p>\n<p>De passage au micro de Kampo, le podcast anim\u00e9 par le<br \/>\njournaliste Sma\u00efl Bouabdellah, l\u2019ex-lat\u00e9ral droit des Bleus est<br \/>\nrevenu sur son passage en Bavi\u00e8re, o\u00f9 il a disput\u00e9 277 matches. Une<br \/>\nexp\u00e9rience qui lui a permis d\u2019enrichir son palmar\u00e8s, avec notamment<br \/>\nune Ligue des champions (2001) et cinq titres en Bundesliga \u00e0 la<br \/>\ncl\u00e9 (2001, 2003, 2005, 2006 et 2008), mais dont il garde un<br \/>\nsouvenir mitig\u00e9 sur le plan humain.<\/p>\n<blockquote class=\"twitter-tweet\"><p><a class=\"twitter-link\" rel=\"noindex, nofollow noopener\" href=\"https:\/\/twitter.com\/sports_fr\/status\/2011011588031963313\" target=\"_blank\"><\/p><\/blockquote>\n<p>\u00ab\u00a0Professionnellement, dans le boulot, j\u2019ai ador\u00e9,<br \/>\nparce que les Allemands ils sont carr\u00e9s. Ils sont comme j\u2019aime.<br \/>\nPersonnellement\u00a0? C\u2019est diff\u00e9rent, explique le St\u00e9phanois<br \/>\nde naissance (48 ans), qui a fait partie d\u2019un vestiaire bavarois<br \/>\ncompos\u00e9 \u00e0 l\u2019\u00e9poque de joueurs comme Oliver Kahn, Bastian<br \/>\nSchweinsteiger ou Mehmet Scholl. C\u2019est dur de s\u2019amuser avec un<br \/>\nAllemand. Le sens de l\u2019humour en Allemagne, il est\u2026 (il<br \/>\nh\u00e9site).\u00a0\u00bb<\/p>\n<p>Willy Sagnol: \u00ab\u00a0Les Allemands n\u2019ont pas de sens de<br \/>\nl\u2019humour\u00a0\u00bb<\/p>\n<p>\u00ab\u00a0Nous, parfois, en France, on n\u2019a pas toujours le bon<br \/>\nsens de l\u2019humour, reprend-il. Les Anglais \u2013 puisque ma<br \/>\nfemme est britannique \u2013, ils ont un humour que j\u2019ai parfois du mal<br \/>\n\u00e0 comprendre parce qu\u2019il est trop d\u00e9velopp\u00e9, trop deuxi\u00e8me ou<br \/>\ntroisi\u00e8me degr\u00e9. Mais par contre, les Allemands, ils n\u2019ont pas de<br \/>\nsens de l\u2019humour, quoi\u00a0! Comme on dit, ils rigolent quand il<br \/>\nse coincent leur\u2026 dans la fermeture \u00e9clair.\u00a0\u00bb<\/p>\n<p>Pour autant, Willy Sagnol ne regrette pas du tout d\u2019avoir \u00e9volu\u00e9<br \/>\ndans l\u2019un des plus grands clubs europ\u00e9ens. Un Bayern Munich qui lui<br \/>\na beaucoup apport\u00e9 sur le plan footballistique, faisant ainsi de<br \/>\nlui l\u2019une des r\u00e9f\u00e9rences \u00e0 son poste au niveau international.<br \/>\n\u00ab\u00a0Mais voil\u00e0, j\u2019\u00e9tais \u00e0 Munich pour le travail. Donc le<br \/>\nreste, ce n\u2019\u00e9tait pas important, dit-il. L\u2019important,<br \/>\nc\u2019\u00e9tait moi, de m\u2019\u00e9panouir dans mon travail.\u00a0\u00bb Du travail<br \/>\nbien fait.<\/p>\n<blockquote class=\"instagram-media\" style=\"background: #ffffff;border: 0;margin: 1px;width: 100%;padding: 0;\" data-instgrm-captioned=\"\" data-instgrm-permalink=\"https:\/\/www.instagram.com\/p\/DTWSY4LiOPe\/\" data-instgrm-version=\"14\"\/><p>\n<script async src=\"https:\/\/platform.twitter.com\/widgets.js\" charset=\"utf-8\"><\/script><script async src=\"\/\/www.instagram.com\/embed.js\"><\/script><\/p>\n","protected":false},"excerpt":{"rendered":"Joueur du Bayern Munich pendant huit ans, Willy Sagnol garde un souvenir mitig\u00e9 de son passage en Allemagne.&hellip;\n","protected":false},"author":2,"featured_media":661074,"comment_status":"","ping_status":"","sticky":false,"template":"","format":"standard","meta":{"footnotes":""},"categories":[1587],"tags":[11,672,1804,1805,1803,1777,674,1801,12,1802],"class_list":{"0":"post-661073","1":"post","2":"type-post","3":"status-publish","4":"format-standard","5":"has-post-thumbnail","7":"category-allemagne","8":"tag-actualites","9":"tag-allemagne","10":"tag-bundesrepublik-deutschland","11":"tag-de","12":"tag-deutschland","13":"tag-eu","14":"tag-europe","15":"tag-germany","16":"tag-news","17":"tag-republique-federale-dallemagne"},"share_on_mastodon":{"url":"https:\/\/pubeurope.com\/@fr\/115888985438215655","error":""},"_links":{"self":[{"href":"https:\/\/www.europesays.com\/fr\/wp-json\/wp\/v2\/posts\/661073","targetHints":{"allow":["GET"]}}],"collection":[{"href":"https:\/\/www.europesays.com\/fr\/wp-json\/wp\/v2\/posts"}],"about":[{"href":"https:\/\/www.europesays.com\/fr\/wp-json\/wp\/v2\/types\/post"}],"author":[{"embeddable":true,"href":"https:\/\/www.europesays.com\/fr\/wp-json\/wp\/v2\/users\/2"}],"replies":[{"embeddable":true,"href":"https:\/\/www.europesays.com\/fr\/wp-json\/wp\/v2\/comments?post=661073"}],"version-history":[{"count":0,"href":"https:\/\/www.europesays.com\/fr\/wp-json\/wp\/v2\/posts\/661073\/revisions"}],"wp:featuredmedia":[{"embeddable":true,"href":"https:\/\/www.europesays.com\/fr\/wp-json\/wp\/v2\/media\/661074"}],"wp:attachment":[{"href":"https:\/\/www.europesays.com\/fr\/wp-json\/wp\/v2\/media?parent=661073"}],"wp:term":[{"taxonomy":"category","embeddable":true,"href":"https:\/\/www.europesays.com\/fr\/wp-json\/wp\/v2\/categories?post=661073"},{"taxonomy":"post_tag","embeddable":true,"href":"https:\/\/www.europesays.com\/fr\/wp-json\/wp\/v2\/tags?post=661073"}],"curies":[{"name":"wp","href":"https:\/\/api.w.org\/{rel}","templated":true}]}}