{"id":661079,"date":"2026-01-13T17:34:13","date_gmt":"2026-01-13T17:34:13","guid":{"rendered":"https:\/\/www.europesays.com\/fr\/661079\/"},"modified":"2026-01-13T17:34:13","modified_gmt":"2026-01-13T17:34:13","slug":"wall-street-digere-linflation-et-les-resultats-dentreprises-13-01-2026-a-1610","status":"publish","type":"post","link":"https:\/\/www.europesays.com\/fr\/661079\/","title":{"rendered":"Wall Street dig\u00e8re l&rsquo;inflation et les r\u00e9sultats d&rsquo;entreprises &#8211; 13\/01\/2026 \u00e0 16:10"},"content":{"rendered":"<p>        <img decoding=\"async\" src=\"https:\/\/www.europesays.com\/fr\/wp-content\/uploads\/2026\/01\/475349c1f9da6a31f7f89f35da10885b-760x507.jpg\" alt=\"Vue ext\u00e9rieure de la Bourse de New York, le 12 janvier 2026 ( AFP \/ ANGELA WEISS )\" loading=\"eager\" fetchpriority=\"high\" width=\"760\" height=\"507\" style=\"max-width: 100%!important; height: auto;\"\/><\/p>\n<p class=\"c-image-news__legend\">Vue ext\u00e9rieure de la Bourse de New York, le 12 janvier 2026 ( AFP \/ ANGELA WEISS )<\/p>\n<p>\n La Bourse de New York \u00e9volue sans direction claire mardi, dig\u00e9rant des chiffres d&rsquo;inflation l\u00e9g\u00e8rement meilleurs qu&rsquo;attendu pour le mois de d\u00e9cembre, sur fond de nouvelle saison de r\u00e9sultats trimestriels.\n<\/p>\n<p>\n Vers 14H55 GMT, le Dow Jones c\u00e9dait 0,55%, l&rsquo;indice Nasdaq prenait 0,10% et l&rsquo;indice \u00e9largi S&amp;P 500 \u00e9tait proche de l&rsquo;\u00e9quilibre (-0,07%).\n<\/p>\n<p>\n Publi\u00e9 mardi, l&rsquo;indice des prix \u00e0 la consommation (CPI) \u00ab\u00a0a \u00e9t\u00e9 l\u00e9g\u00e8rement meilleur que pr\u00e9vu\u00a0\u00bb et \u00ab\u00a0cela indique que l&rsquo;inflation n&rsquo;est pas un facteur qui joue en notre d\u00e9faveur\u00a0\u00bb, r\u00e9sume aupr\u00e8s de l&rsquo;AFP Sam Stovall, de CFRA.\n<\/p>\n<p>\n Les Etats-Unis ont termin\u00e9 2025 avec une inflation en d\u00e9cembre de 2,7% sur un an, un rythme stable par rapport \u00e0 novembre et en am\u00e9lioration par rapport \u00e0 d\u00e9cembre 2024 (2,9%).\n<\/p>\n<p>\n L&rsquo;inflation sous-jacente (hors prix volatils de l&rsquo;alimentation et de l&rsquo;\u00e9nergie) s&rsquo;est \u00e9tablie \u00e0 2,6% alors que les march\u00e9s tablaient sur 2,8%.\n<\/p>\n<p>\n \u00ab\u00a0Il s&rsquo;agit seulement d&rsquo;une petite victoire, mais c&rsquo;est une bonne nouvelle pour un march\u00e9 qui esp\u00e8re voir se poursuivre la d\u00e9sinflation afin d&rsquo;encourager la Fed (banque centrale am\u00e9ricaine, ndlr) \u00e0 continuer de baisser ses taux\u00a0\u00bb, remarque Patrick O&rsquo;Hare, de Briefing.com.\n<\/p>\n<p>\n Pour le moment, les investisseurs tablent sur deux r\u00e9ductions des taux d&rsquo;int\u00e9r\u00eat en 2026, selon l&rsquo;outil de veille CME FedWatch. Un assouplissement mon\u00e9taire est de nature \u00e0 aider la croissance, et donc \u00e0 augmenter les perspectives de b\u00e9n\u00e9fices des entreprises.\n<\/p>\n<p>\n Sur le march\u00e9 obligataire, le rendement de l&#8217;emprunt am\u00e9ricain \u00e0 dix ans se d\u00e9tendait \u00e0 4,17% contre 4,19% \u00e0 la cl\u00f4ture la veille.\n<\/p>\n<p>\n C\u00f4t\u00e9 entreprises, la place new-yorkaise rentre cette semaine dans une nouvelle saison de r\u00e9sultats.\n<\/p>\n<p>\n La banque am\u00e9ricaine JPMorgan Chase (-1,49% \u00e0 319,66 dollars) a lanc\u00e9 le mouvement, publiant mardi des r\u00e9sultats contrast\u00e9s au quatri\u00e8me trimestre 2025, marqu\u00e9s par un recul de son b\u00e9n\u00e9fice net \u00e0 cause d&rsquo;une charge li\u00e9e \u00e0 la reprise annonc\u00e9e r\u00e9cemment de la gestion de la carte bancaire Apple Card.\n<\/p>\n<p>\n En revanche, le chiffre d&rsquo;affaires a progress\u00e9 sur un an gr\u00e2ce \u00e0 l&rsquo;attitude des consommateurs et \u00e0 la bonne sant\u00e9 des entreprises.\n<\/p>\n<p>\n D&rsquo;autres \u00e9tablissements bancaires doivent publier leurs performances financi\u00e8res dans les prochains jours, dont Bank of America, Citigroup et Morgan Stanley.\n<\/p>\n<p>\n La compagnie a\u00e9rienne am\u00e9ricaine Delta Air Lines reculait (-2,53% \u00e0 69,23 dollars) malgr\u00e9 des r\u00e9sultats en hausse et un chiffre d&rsquo;affaires record pour le quatri\u00e8me trimestre 2025, \u00e0 16 milliards de dollars.\n<\/p>\n<p>\n Le groupe a annonc\u00e9 dans le m\u00eame temps une commande de 60 appareils 787 au constructeur am\u00e9ricain<br \/>\n <a href=\"https:\/\/www.boursorama.com\/cours\/BA\/\" target=\"_blank\" rel=\"noopener\"><br \/>\n  Boeing<br \/>\n <\/a><br \/>\n (+1,73% \u00e0 243,95 dollars), dont 30 en option.\n<\/p>\n<p>\n \u00ab\u00a0Les investisseurs se concentreront principalement sur les r\u00e9sultats financiers des entreprises technologiques, en particulier sur les derni\u00e8res informations concernant le retour sur investissement attendu dans le domaine de l&rsquo;intelligence artificielle (IA)\u00a0\u00bb, observe dans une note David Morrison, de Trade Nation.\n<\/p>\n<p>\n Sam Stovall, lui, s&rsquo;attend une augmentation d&rsquo;environ 7% des b\u00e9n\u00e9fices des entreprises d&rsquo;une ann\u00e9e \u00e0 l&rsquo;autre. \u00ab\u00a0Je ne serais pas surpris si, une fois de plus, les b\u00e9n\u00e9fices d\u00e9passaient les estimations\u00a0\u00bb, ajoute-t-il.\n<\/p>\n<p>\n Nasdaq<\/p>\n","protected":false},"excerpt":{"rendered":"Vue ext\u00e9rieure de la Bourse de New York, le 12 janvier 2026 ( AFP \/ ANGELA WEISS )&hellip;\n","protected":false},"author":2,"featured_media":661080,"comment_status":"","ping_status":"","sticky":false,"template":"","format":"standard","meta":{"footnotes":""},"categories":[2],"tags":[400,11,398,408,405,1011,27,403,402,399,404,12,25,401,406,407],"class_list":{"0":"post-661079","1":"post","2":"type-post","3":"status-publish","4":"format-standard","5":"has-post-thumbnail","7":"category-actualites","8":"tag-action-cac-40","9":"tag-actualites","10":"tag-bourse-de-paris","11":"tag-boursorama","12":"tag-cotations","13":"tag-fr","14":"tag-france","15":"tag-indices-devises","16":"tag-investir","17":"tag-investissement","18":"tag-marche-boursier","19":"tag-news","20":"tag-republique-francaise","21":"tag-sicav","22":"tag-trackers","23":"tag-warrants"},"share_on_mastodon":{"url":"https:\/\/pubeurope.com\/@fr\/115888997396727257","error":""},"_links":{"self":[{"href":"https:\/\/www.europesays.com\/fr\/wp-json\/wp\/v2\/posts\/661079","targetHints":{"allow":["GET"]}}],"collection":[{"href":"https:\/\/www.europesays.com\/fr\/wp-json\/wp\/v2\/posts"}],"about":[{"href":"https:\/\/www.europesays.com\/fr\/wp-json\/wp\/v2\/types\/post"}],"author":[{"embeddable":true,"href":"https:\/\/www.europesays.com\/fr\/wp-json\/wp\/v2\/users\/2"}],"replies":[{"embeddable":true,"href":"https:\/\/www.europesays.com\/fr\/wp-json\/wp\/v2\/comments?post=661079"}],"version-history":[{"count":0,"href":"https:\/\/www.europesays.com\/fr\/wp-json\/wp\/v2\/posts\/661079\/revisions"}],"wp:featuredmedia":[{"embeddable":true,"href":"https:\/\/www.europesays.com\/fr\/wp-json\/wp\/v2\/media\/661080"}],"wp:attachment":[{"href":"https:\/\/www.europesays.com\/fr\/wp-json\/wp\/v2\/media?parent=661079"}],"wp:term":[{"taxonomy":"category","embeddable":true,"href":"https:\/\/www.europesays.com\/fr\/wp-json\/wp\/v2\/categories?post=661079"},{"taxonomy":"post_tag","embeddable":true,"href":"https:\/\/www.europesays.com\/fr\/wp-json\/wp\/v2\/tags?post=661079"}],"curies":[{"name":"wp","href":"https:\/\/api.w.org\/{rel}","templated":true}]}}