{"id":661081,"date":"2026-01-13T17:35:11","date_gmt":"2026-01-13T17:35:11","guid":{"rendered":"https:\/\/www.europesays.com\/fr\/661081\/"},"modified":"2026-01-13T17:35:11","modified_gmt":"2026-01-13T17:35:11","slug":"exclu-midol-transferts-top-14-pro-d2-a-la-recherche-dun-troisieme-talonneur-pour-la-prochaine-saison-clermont-a-trouve-son-bonheur-en-pro-d2","status":"publish","type":"post","link":"https:\/\/www.europesays.com\/fr\/661081\/","title":{"rendered":"Exclu Midol. Transferts Top 14 \/ Pro D2 \u2013 \u00c0 la recherche d\u2019un troisi\u00e8me talonneur pour la prochaine saison, Clermont a trouv\u00e9 son bonheur en Pro D2"},"content":{"rendered":"<p>\n                D\u00e9sireux de recruter un troisi\u00e8me talonneur pour la saison prochaine, les dirigeants clermontois ont trouv\u00e9 leur bonheur. Selon nos informations, l\u2019international fidjien Peniami Narisia (28 ans\u00a0; 1 s\u00e9lection) d\u00e9fendra les couleurs de l\u2019ASM \u00e0 partir de cet \u00e9t\u00e9. Ce dernier \u00e9volue actuellement du c\u00f4t\u00e9 d\u2019Oyonnax, en Pro D2.\n            <\/p>\n<p>Clermont s\u2019active pour pr\u00e9parer au mieux le prochain exercice. Alors qu\u2019<strong><a href=\"https:\/\/www.rugbyrama.fr\/2026\/01\/13\/top-14-alivereti-raka-proche-dune-prolongation-avec-clermont-13159511.php\" target=\"_self\" rel=\"noopener\">Alivereti Raka est proche de signer un nouveau contrat avec l\u2019ASM<\/a><\/strong>, les dirigeants auvergnats se concentrent \u00e9galement sur le huit de devant. Ces derniers temps, le poste de talonneur a \u00e9norm\u00e9ment fait parler en Auvergne. En novembre dernier, Folau Fainga\u2019a est rentr\u00e9 au pays, en Australie. De ce fait, l\u2019international samoan Seilala Lam a d\u00e9barqu\u00e9 en provenance de Perpignan. Ce dernier devrait\u00a0terminer la saison \u00e0 Clermont puis s\u2019en aller.<\/p>\n<p>Quatri\u00e8me club en France pour Narisia<\/p>\n<p>\u00c0 ce jour, seuls deux talonneurs professionnels verront leur contrat aller plus loin que la fin de l\u2019exercice en cours\u00a0: Barnab\u00e9 Massa et \u00c9tienne Fourcade, qui sont engag\u00e9s jusqu\u2019en 2028 (plus une ann\u00e9e en option). Mais selon nos informations, l\u2019ASM a trouv\u00e9 le troisi\u00e8me homme qui viendra accompagner ces deux joueurs les prochains mois. Actuellement sous les couleurs d\u2019Oyonnax, Peniami Narisia rejoindra Clermont l\u2019\u00e9t\u00e9 prochain.<\/p>\n<p>\u00c0 28 ans, ce dernier va conna\u00eetre un quatri\u00e8me club en France apr\u00e8s Brive, le Racing 92 et donc \u00ab\u00a0Oyo\u00a0\u00bb. International fidjien, Narisia conna\u00eet bien le Top 14 pour y avoir jou\u00e9 durant cinq saisons avec le CAB puis les Ciel et Blanc entre\u00a02019 et\u00a02024. Depuis, il joue en Pro D2 avec le club aindinois. Cette saison, il a jou\u00e9 huit matchs de deuxi\u00e8me division, dont quatre dans la peau d\u2019un titulaire.<\/p>\n","protected":false},"excerpt":{"rendered":"D\u00e9sireux de recruter un troisi\u00e8me talonneur pour la saison prochaine, les dirigeants clermontois ont trouv\u00e9 leur bonheur. Selon&hellip;\n","protected":false},"author":2,"featured_media":661082,"comment_status":"","ping_status":"","sticky":false,"template":"","format":"standard","meta":{"footnotes":""},"categories":[2],"tags":[11,1011,27,12,25,10662],"class_list":{"0":"post-661081","1":"post","2":"type-post","3":"status-publish","4":"format-standard","5":"has-post-thumbnail","7":"category-actualites","8":"tag-actualites","9":"tag-fr","10":"tag-france","11":"tag-news","12":"tag-republique-francaise","13":"tag-transferts"},"share_on_mastodon":{"url":"https:\/\/pubeurope.com\/@fr\/115889001392576160","error":""},"_links":{"self":[{"href":"https:\/\/www.europesays.com\/fr\/wp-json\/wp\/v2\/posts\/661081","targetHints":{"allow":["GET"]}}],"collection":[{"href":"https:\/\/www.europesays.com\/fr\/wp-json\/wp\/v2\/posts"}],"about":[{"href":"https:\/\/www.europesays.com\/fr\/wp-json\/wp\/v2\/types\/post"}],"author":[{"embeddable":true,"href":"https:\/\/www.europesays.com\/fr\/wp-json\/wp\/v2\/users\/2"}],"replies":[{"embeddable":true,"href":"https:\/\/www.europesays.com\/fr\/wp-json\/wp\/v2\/comments?post=661081"}],"version-history":[{"count":0,"href":"https:\/\/www.europesays.com\/fr\/wp-json\/wp\/v2\/posts\/661081\/revisions"}],"wp:featuredmedia":[{"embeddable":true,"href":"https:\/\/www.europesays.com\/fr\/wp-json\/wp\/v2\/media\/661082"}],"wp:attachment":[{"href":"https:\/\/www.europesays.com\/fr\/wp-json\/wp\/v2\/media?parent=661081"}],"wp:term":[{"taxonomy":"category","embeddable":true,"href":"https:\/\/www.europesays.com\/fr\/wp-json\/wp\/v2\/categories?post=661081"},{"taxonomy":"post_tag","embeddable":true,"href":"https:\/\/www.europesays.com\/fr\/wp-json\/wp\/v2\/tags?post=661081"}],"curies":[{"name":"wp","href":"https:\/\/api.w.org\/{rel}","templated":true}]}}