{"id":661085,"date":"2026-01-13T17:37:11","date_gmt":"2026-01-13T17:37:11","guid":{"rendered":"https:\/\/www.europesays.com\/fr\/661085\/"},"modified":"2026-01-13T17:37:11","modified_gmt":"2026-01-13T17:37:11","slug":"un-conflit-parti-pour-durer","status":"publish","type":"post","link":"https:\/\/www.europesays.com\/fr\/661085\/","title":{"rendered":"Un conflit parti pour durer"},"content":{"rendered":"<p>\t\t\t\t\t\t<img width=\"770\" height=\"556\" src=\"https:\/\/www.europesays.com\/fr\/wp-content\/uploads\/2026\/01\/kor_05_01_25_ctb_0206a-770x556.jpg\" class=\"img-responsive wp-post-image\" alt=\"Scott O'Neil Chris Trotman\/LIV Golf\" decoding=\"async\" fetchpriority=\"high\"  \/>\t\t\t\t\t<\/p>\n<p>\t\t\t\t\t\t Partager cet article <\/p>\n<p class=\"screen-reader-text juiz_sps_maybe_hidden_text\">Partager la publication \u00ab\u00a0Un conflit parti pour durer\u00a0\u00bb<\/p>\n<p><strong>Le Returning Member Program du PGA Tour, qui a permis le retour tr\u00e8s m\u00e9diatis\u00e9 de Brooks Koepka, r\u00e9pond directement aux promesses de Scott O\u2019Neil (photo) d\u2019aligner en 2026 \u00ab le plateau le plus relev\u00e9 dans l\u2019histoire du LIV \u00bb, sans pour autant d\u00e9clencher l\u2019exode esp\u00e9r\u00e9 vers le circuit am\u00e9ricain. Malgr\u00e9 les effets d\u2019annonce des deux camps, l\u2019\u00e9quilibre des forces reste largement inchang\u00e9.<br \/>&#13;<br \/>\n\u00a0<\/strong><\/p>\n<p>La derni\u00e8re salve dans la guerre entre le <strong>PGA Tour<\/strong> et le <strong>LIV Golf<\/strong> n\u2019a fait que renforcer l\u2019impression d\u2019un conflit appel\u00e9 \u00e0 durer, plus que celle d\u2019un rapprochement imminent.<\/p>\n<p>L\u2019annonce du <strong>Returning Member Program<\/strong>, taill\u00e9 pour permettre le retour de <strong>Brooks Koepka<\/strong>, voire <strong>Jon Rahm, Bryson DeChambeau <\/strong>ou<strong> Cameron Smith<\/strong>, est intervenue quelques heures apr\u00e8s que <strong>Scott O\u2019Neil<\/strong>\u00a0s\u2019est r\u00e9joui de futures arriv\u00e9es. \u00ab Nous esp\u00e9rons avoir le plateau le plus relev\u00e9 dans l\u2019histoire du LIV cette ann\u00e9e, avait expliqu\u00e9 le patron du LIV. Si nous parvenons \u00e0 recruter les derniers joueurs qui nous manquent, ce qui serait vraiment formidable. \u00bb<br \/>&#13;<br \/>\n\u00a0\u00a0<\/p>\n<p>Une fen\u00eatre de tir pour Brooks Koepka<\/p>\n<p>En l\u2019occurrence, le Belge <strong>Thomas Detry<\/strong> et l\u2019Australien <strong>Elvis Smylie<\/strong> <a href=\"https:\/\/www.thetimes.com\/sport\/golf\/article\/thomas-detry-and-elvis-smylie-set-to-join-liv-golf-6k0z2xjqb\" target=\"_blank\" rel=\"noopener\">sont annonc\u00e9s par The Times<\/a> comme les derniers joueurs \u00e0 signer des contrats lucratifs, tandis qu\u2019<strong>Harold Varner III <\/strong>est attendu en remplacement de Brooks Koepka.\u00a0<\/p>\n<p>Face \u00e0 cette (communication) offensive, le PGA Tour a r\u00e9pliqu\u00e9 en rendant possible un retour tr\u00e8s encadr\u00e9 pour Brooks Koepka et quelques autres vainqueurs de Majeurs r\u00e9cents, insistant sur des \u00ab conditions strictes \u00bb et l\u2019id\u00e9e que ce programme a \u00e9t\u00e9 construit pour \u00ab responsabiliser les joueurs qui reviennent. \u00bb\u00a0<\/p>\n<p>En r\u00e9ponse, le circuit financ\u00e9 par l\u2019Arabie saoudite a publi\u00e9 une d\u00e9claration provocante affirmant que sa vision restait inchang\u00e9e. Elle insinue que le LIV Golf serait pr\u00eat \u00e0 prendre des mesures suppl\u00e9mentaires pour conserver ses plus grandes stars, notamment Jon Rahm et Bryson DeChambeau, tout en continuant \u00e0 recruter quelques nouveaux talents.<\/p>\n<blockquote data-service=\"twitter\" data-category=\"marketing\" data-placeholder-image=\"https:\/\/www.golfplanete.com\/wp-content\/plugins\/complianz-gdpr-premium\/assets\/images\/placeholders\/twitter-minimal.jpg\" class=\"cmplz-placeholder-element twitter-tweet\" data-media-max-width=\"560\"><p>&#13;<\/p>\n<p dir=\"ltr\" lang=\"en\">wait a minute <a href=\"https:\/\/t.co\/5uZa9YhgPO\">pic.twitter.com\/5uZa9YhgPO<\/a><\/p>\n<p>&#13;<br \/>\n&#13;<br \/>\n\u2014 Dylan Dethier (@dylan_dethier) <a href=\"https:\/\/twitter.com\/dylan_dethier\/status\/2010820861981294632?ref_src=twsrc%5Etfw\" target=\"_blank\" rel=\"noopener\">January 12, 2026<\/a><\/p><\/blockquote>\n<p>&#13;<br \/>\n\u00a0<\/p>\n<p>Une gu\u00e9guerre des mots<\/p>\n<p>Sa derni\u00e8re phrase est la m\u00eame que celle utilis\u00e9e dans le communiqu\u00e9 de presse du PGA Tour annon\u00e7ant que Brooks Koepka quittait le LIV : \u00ab LIV Golf continue d\u2019offrir aux meilleurs golfeurs professionnels l\u2019environnement le plus comp\u00e9titif, le plus stimulant et le plus lucratif pour atteindre l\u2019excellence. \u00bb \u00ab Longue vie au LIV \u00bb, concluait-elle.<\/p>\n<p>Depuis, le LIV semble avoir conclu un accord avec le Sud-Cor\u00e9en <strong>Ben An<\/strong>, qui pourrait rejoindre une \u00e9quipe <strong>Iron Heads GC<\/strong> rebaptis\u00e9e <strong>Korea Golf Club<\/strong>\u2026<\/p>\n<p>En l\u2019\u00e9tat, le PGA Tour a certes marqu\u00e9 un point m\u00e9diatique avec le retour de Brooks Koepka, mais <a href=\"https:\/\/www.golfplanete.com\/actualites\/a-qui-le-pga-tour-apres-brooks-koepka-personne-a-priori\/\" target=\"_blank\" rel=\"noopener\">son initiative ne devrait pas d\u00e9clencher l\u2019exode esp\u00e9r\u00e9<\/a> et les rangs de chaque camp devraient globalement rester fig\u00e9s. Chacun campe sur ses positions, et la guerre froide du golf professionnel semble destin\u00e9e \u00e0 se prolonger bien au-del\u00e0 de cette nouvelle escarmouche.<br \/>&#13;<br \/>\n\u00a0<br \/>&#13;<br \/>\nPhoto : Chris Trotman\/LIV Golf<\/p>\n<p>\t\t\t<script async src=\"https:\/\/platform.twitter.com\/widgets.js\" charset=\"utf-8\"><\/script><\/p>\n","protected":false},"excerpt":{"rendered":"Partager cet article Partager la publication \u00ab\u00a0Un conflit parti pour durer\u00a0\u00bb Le Returning Member Program du PGA Tour,&hellip;\n","protected":false},"author":2,"featured_media":661086,"comment_status":"","ping_status":"","sticky":false,"template":"","format":"standard","meta":{"footnotes":""},"categories":[1418],"tags":[1011,27,1472,60],"class_list":{"0":"post-661085","1":"post","2":"type-post","3":"status-publish","4":"format-standard","5":"has-post-thumbnail","7":"category-golf","8":"tag-fr","9":"tag-france","10":"tag-golf","11":"tag-sports"},"share_on_mastodon":{"url":"https:\/\/pubeurope.com\/@fr\/115889009000639515","error":""},"_links":{"self":[{"href":"https:\/\/www.europesays.com\/fr\/wp-json\/wp\/v2\/posts\/661085","targetHints":{"allow":["GET"]}}],"collection":[{"href":"https:\/\/www.europesays.com\/fr\/wp-json\/wp\/v2\/posts"}],"about":[{"href":"https:\/\/www.europesays.com\/fr\/wp-json\/wp\/v2\/types\/post"}],"author":[{"embeddable":true,"href":"https:\/\/www.europesays.com\/fr\/wp-json\/wp\/v2\/users\/2"}],"replies":[{"embeddable":true,"href":"https:\/\/www.europesays.com\/fr\/wp-json\/wp\/v2\/comments?post=661085"}],"version-history":[{"count":0,"href":"https:\/\/www.europesays.com\/fr\/wp-json\/wp\/v2\/posts\/661085\/revisions"}],"wp:featuredmedia":[{"embeddable":true,"href":"https:\/\/www.europesays.com\/fr\/wp-json\/wp\/v2\/media\/661086"}],"wp:attachment":[{"href":"https:\/\/www.europesays.com\/fr\/wp-json\/wp\/v2\/media?parent=661085"}],"wp:term":[{"taxonomy":"category","embeddable":true,"href":"https:\/\/www.europesays.com\/fr\/wp-json\/wp\/v2\/categories?post=661085"},{"taxonomy":"post_tag","embeddable":true,"href":"https:\/\/www.europesays.com\/fr\/wp-json\/wp\/v2\/tags?post=661085"}],"curies":[{"name":"wp","href":"https:\/\/api.w.org\/{rel}","templated":true}]}}