{"id":661087,"date":"2026-01-13T17:39:12","date_gmt":"2026-01-13T17:39:12","guid":{"rendered":"https:\/\/www.europesays.com\/fr\/661087\/"},"modified":"2026-01-13T17:39:12","modified_gmt":"2026-01-13T17:39:12","slug":"junior-kpoku-rejoint-le-rugby-club-toulonnais-avec-effet-immediat","status":"publish","type":"post","link":"https:\/\/www.europesays.com\/fr\/661087\/","title":{"rendered":"Junior Kpoku rejoint le Rugby Club Toulonnais avec effet imm\u00e9diat"},"content":{"rendered":"<p data-start=\"333\" data-end=\"571\">L\u2019information est sign\u00e9e <a href=\"https:\/\/www.rugbyrama.fr\/2026\/01\/13\/exclu-midol-transferts-top-14-junior-kpoku-racing-92-arrive-a-toulon-13159287.php\" target=\"_blank\" rel=\"noopener\">Midi Olympique<\/a> \u2013<\/p>\n<p data-start=\"551\" data-end=\"753\">Le club de Toulon a r\u00e9ussi \u00e0 attirer un jeune joueur anglais tr\u00e8s suivi par les observateurs. <strong data-start=\"645\" data-end=\"661\">Junior Kpoku<\/strong>, 20 ans, va quitter le Racing 92 dans les prochains jours pour finir la saison avec le RCT.<\/p>\n<p data-start=\"755\" data-end=\"795\"><strong data-start=\"759\" data-end=\"795\">Un joueur convoit\u00e9 en Angleterre<\/strong><\/p>\n<p data-start=\"797\" data-end=\"1067\">En Angleterre, plusieurs acteurs cherchaient d\u00e9j\u00e0 \u00e0 le r\u00e9cup\u00e9rer. La f\u00e9d\u00e9ration du pays et le club de <strong data-start=\"899\" data-end=\"907\">Sale<\/strong> avaient m\u00eame entam\u00e9 des discussions pour l\u2019attirer. Finalement, ce n\u2019est pas sur les terrains anglais qu\u2019il \u00e9voluera dans l\u2019imm\u00e9diat, mais sur ceux de la rade.<\/p>\n<p data-start=\"1069\" data-end=\"1105\"><strong data-start=\"1073\" data-end=\"1105\">Un d\u00e9part anticip\u00e9 du Racing<\/strong><\/p>\n<p data-start=\"1107\" data-end=\"1342\">Form\u00e9 \u00e0 <strong data-start=\"1115\" data-end=\"1125\">Exeter<\/strong>, Kpoku \u00e9tait li\u00e9 au Racing 92 jusqu\u2019en <strong data-start=\"1165\" data-end=\"1173\">2027<\/strong>, avec une ann\u00e9e en option. Les deux clubs ont trouv\u00e9 un compromis pour lui permettre de changer d\u2019environnement plus t\u00f4t que pr\u00e9vu, sans attendre la fin de son contrat.<\/p>\n<p data-start=\"1344\" data-end=\"1392\"><strong data-start=\"1348\" data-end=\"1392\">Peu de temps de jeu, beaucoup d\u2019attentes<\/strong><\/p>\n<p data-start=\"1394\" data-end=\"1650\">Consid\u00e9r\u00e9 comme un joueur prometteur \u00e0 son poste, Kpoku a eu du mal \u00e0 s\u2019installer cette saison en \u00e9quipe premi\u00e8re, avec seulement <strong data-start=\"1524\" data-end=\"1547\">six matchs disput\u00e9s<\/strong>, dont <strong data-start=\"1554\" data-end=\"1578\">cinq comme titulaire<\/strong> pour <strong data-start=\"1584\" data-end=\"1599\">311 minutes<\/strong>. Une situation qui a acc\u00e9l\u00e9r\u00e9 son envie de bouger.<\/p>\n<p data-start=\"1652\" data-end=\"1675\"><strong data-start=\"1656\" data-end=\"1675\">Et maintenant ?<\/strong><\/p>\n<p data-start=\"1677\" data-end=\"1914\">Pour l\u2019instant, l\u2019accord ne concerne que <strong data-start=\"1718\" data-end=\"1738\">la fin de saison<\/strong>, car le joueur n\u2019a pas encore choisi dans quel club il \u00e9voluera \u00e0 partir de l\u2019\u00e9t\u00e9 prochain. Rien n\u2019exclut qu\u2019il reste \u00e0 Toulon s\u2019il s\u2019y sent bien et qu\u2019il r\u00e9pond aux attentes.<\/p>\n<p data-start=\"1916\" data-end=\"2062\">Un d\u00e9tail qui pourra peser : l\u2019an prochain, Kpoku sera <strong data-start=\"1971\" data-end=\"2006\">consid\u00e9r\u00e9 comme JIFF<\/strong>, ce qui facilitera sa place dans un effectif de Top 14.<\/p>\n<p data-start=\"1916\" data-end=\"2062\">Pour l\u2019heure, le RCT n\u2019a pas officialis\u00e9 l\u2019information.<\/p>\n<p data-start=\"1916\" data-end=\"2062\"><strong>Affaire \u00e0 suivre\u2026<\/strong><\/p>\n","protected":false},"excerpt":{"rendered":"L\u2019information est sign\u00e9e Midi Olympique \u2013 Le club de Toulon a r\u00e9ussi \u00e0 attirer un jeune joueur anglais&hellip;\n","protected":false},"author":2,"featured_media":661088,"comment_status":"","ping_status":"","sticky":false,"template":"","format":"standard","meta":{"footnotes":""},"categories":[1416],"tags":[1011,27,479,1468,60],"class_list":{"0":"post-661087","1":"post","2":"type-post","3":"status-publish","4":"format-standard","5":"has-post-thumbnail","7":"category-rugby","8":"tag-fr","9":"tag-france","10":"tag-rugby","11":"tag-rugby-football","12":"tag-sports"},"share_on_mastodon":{"url":"https:\/\/pubeurope.com\/@fr\/115889016934693593","error":""},"_links":{"self":[{"href":"https:\/\/www.europesays.com\/fr\/wp-json\/wp\/v2\/posts\/661087","targetHints":{"allow":["GET"]}}],"collection":[{"href":"https:\/\/www.europesays.com\/fr\/wp-json\/wp\/v2\/posts"}],"about":[{"href":"https:\/\/www.europesays.com\/fr\/wp-json\/wp\/v2\/types\/post"}],"author":[{"embeddable":true,"href":"https:\/\/www.europesays.com\/fr\/wp-json\/wp\/v2\/users\/2"}],"replies":[{"embeddable":true,"href":"https:\/\/www.europesays.com\/fr\/wp-json\/wp\/v2\/comments?post=661087"}],"version-history":[{"count":0,"href":"https:\/\/www.europesays.com\/fr\/wp-json\/wp\/v2\/posts\/661087\/revisions"}],"wp:featuredmedia":[{"embeddable":true,"href":"https:\/\/www.europesays.com\/fr\/wp-json\/wp\/v2\/media\/661088"}],"wp:attachment":[{"href":"https:\/\/www.europesays.com\/fr\/wp-json\/wp\/v2\/media?parent=661087"}],"wp:term":[{"taxonomy":"category","embeddable":true,"href":"https:\/\/www.europesays.com\/fr\/wp-json\/wp\/v2\/categories?post=661087"},{"taxonomy":"post_tag","embeddable":true,"href":"https:\/\/www.europesays.com\/fr\/wp-json\/wp\/v2\/tags?post=661087"}],"curies":[{"name":"wp","href":"https:\/\/api.w.org\/{rel}","templated":true}]}}