{"id":661089,"date":"2026-01-13T17:40:10","date_gmt":"2026-01-13T17:40:10","guid":{"rendered":"https:\/\/www.europesays.com\/fr\/661089\/"},"modified":"2026-01-13T17:40:10","modified_gmt":"2026-01-13T17:40:10","slug":"atp-adelaide-tsitsipas-battu-des-le-premier-tour-je-joue-a-un-excellent-niveau-mon-objectif-est-de-remporter-un-grand-chelem","status":"publish","type":"post","link":"https:\/\/www.europesays.com\/fr\/661089\/","title":{"rendered":"ATP &#8211; Ad\u00e9la\u00efde > Tsitsipas, battu d\u00e8s le premier tour : \u00ab\u00a0Je joue \u00e0 un excellent niveau. Mon objectif est de remporter un Grand Chelem\u00a0\u00bb"},"content":{"rendered":"<p>Engag\u00e9 cette semaine sur l\u2019ATP 250 d\u2019Ad\u00e9la\u00efde apr\u00e8s trois victoires en trois matchs sur la United Cup, dont une face \u00e0 Taylor Fritz, Stefanos Tsitsipas s\u2019est inclin\u00e9 d\u00e8s le premier tour face au local et 87e mondial, Aleksandar Vukic\u00a0: 7\u20136(3), 7\u20136(5).<\/p>\n<p>De passage en conf\u00e9\u00adrence de presse apr\u00e8s cette d\u00e9faite ennuyeuse \u00e0 six jours du d\u00e9but de l\u2019Open d\u2019Australie, le Grec a fait preuve d\u2019une confiance in\u00e9bran\u00adlable, notam\u00adment concer\u00adnant sa capa\u00adcit\u00e9 \u00e0 performer en Grand Chelem.\u00a0<\/p>\n<p><strong>\u00ab\u202fJe joue \u00e0 un excellent niveau. Je ne lais\u00adserai pas un tel r\u00e9sultat dicter mon d\u00e9but de saison. Je me concentre sur de grands objec\u00adtifs et je veux accom\u00adplir de grandes choses cette ann\u00e9e. Je sais que cela d\u00e9pend de moi, de ma volont\u00e9 de travailler sur le court et de la constance dont je ferai preuve chaque jour. J\u2019ai une tr\u00e8s longue ann\u00e9e devant moi et je veux qu\u2019elle commence de la meilleure fa\u00e7on possible. C\u2019est mon objectif (de remporter les tour\u00adnois du Grand Chelem). Je veux briller en Grand Chelem, aller loin, retrouver mon tennis, prouver au monde que je\u00a0suis toujours au top.\u00a0Je le suis.\u00a0Voil\u00e0.\u202f\u00bb<\/strong><\/p>\n<p class=\"post-published-date\" style=\"color: silver; font-size: 75%; text-align: left;\">Publi\u00e9 le mardi 13 janvier 2026 \u00e0 14:44<\/p>\n","protected":false},"excerpt":{"rendered":"Engag\u00e9 cette semaine sur l\u2019ATP 250 d\u2019Ad\u00e9la\u00efde apr\u00e8s trois victoires en trois matchs sur la United Cup, dont&hellip;\n","protected":false},"author":2,"featured_media":661090,"comment_status":"","ping_status":"","sticky":false,"template":"","format":"standard","meta":{"footnotes":""},"categories":[1415],"tags":[1011,27,60,1467,5443],"class_list":{"0":"post-661089","1":"post","2":"type-post","3":"status-publish","4":"format-standard","5":"has-post-thumbnail","7":"category-tennis","8":"tag-fr","9":"tag-france","10":"tag-sports","11":"tag-tennis","12":"tag-tsitsipas"},"share_on_mastodon":{"url":"https:\/\/pubeurope.com\/@fr\/115889020776028196","error":""},"_links":{"self":[{"href":"https:\/\/www.europesays.com\/fr\/wp-json\/wp\/v2\/posts\/661089","targetHints":{"allow":["GET"]}}],"collection":[{"href":"https:\/\/www.europesays.com\/fr\/wp-json\/wp\/v2\/posts"}],"about":[{"href":"https:\/\/www.europesays.com\/fr\/wp-json\/wp\/v2\/types\/post"}],"author":[{"embeddable":true,"href":"https:\/\/www.europesays.com\/fr\/wp-json\/wp\/v2\/users\/2"}],"replies":[{"embeddable":true,"href":"https:\/\/www.europesays.com\/fr\/wp-json\/wp\/v2\/comments?post=661089"}],"version-history":[{"count":0,"href":"https:\/\/www.europesays.com\/fr\/wp-json\/wp\/v2\/posts\/661089\/revisions"}],"wp:featuredmedia":[{"embeddable":true,"href":"https:\/\/www.europesays.com\/fr\/wp-json\/wp\/v2\/media\/661090"}],"wp:attachment":[{"href":"https:\/\/www.europesays.com\/fr\/wp-json\/wp\/v2\/media?parent=661089"}],"wp:term":[{"taxonomy":"category","embeddable":true,"href":"https:\/\/www.europesays.com\/fr\/wp-json\/wp\/v2\/categories?post=661089"},{"taxonomy":"post_tag","embeddable":true,"href":"https:\/\/www.europesays.com\/fr\/wp-json\/wp\/v2\/tags?post=661089"}],"curies":[{"name":"wp","href":"https:\/\/api.w.org\/{rel}","templated":true}]}}