{"id":66109,"date":"2025-05-01T05:04:07","date_gmt":"2025-05-01T05:04:07","guid":{"rendered":"https:\/\/www.europesays.com\/fr\/66109\/"},"modified":"2025-05-01T05:04:07","modified_gmt":"2025-05-01T05:04:07","slug":"meteo-a-nice-quel-temps-pour-le-pont-du-1er-mai-sur-la-cote-dazur","status":"publish","type":"post","link":"https:\/\/www.europesays.com\/fr\/66109\/","title":{"rendered":"M\u00e9t\u00e9o \u00e0 Nice. Quel temps pour le pont du 1er mai sur la C\u00f4te d&rsquo;Azur\u00a0?"},"content":{"rendered":"<p>            Par<br \/>\n        <strong><br \/>\n            <a href=\"https:\/\/actu.fr\/auteur\/ugo-maillard\" title=\"Consulter tous les articles de Ugo Maillard\" rel=\"nofollow noopener\" target=\"_blank\">Ugo Maillard<\/a><br \/>\n        <\/strong><\/p>\n<p>        Publi\u00e9 le<\/p>\n<p>            1 mai 2025 \u00e0 6h26        <\/p>\n<p>Un petit parfum estival commence \u00e0 sublimer la<strong> C\u00f4te d\u2019Azur<\/strong>. Depuis le d\u00e9but de semaine, les journ\u00e9es sont marqu\u00e9es par des chaleurs tr\u00e8s agr\u00e9ables et de tr\u00e8s belles \u00e9claircies.<\/p>\n<p class=\" wall-content\">\u00c0 <a href=\"https:\/\/actu.fr\/nice\/\" rel=\"nofollow noopener\" target=\"_blank\">Nice<\/a>, comme sur le littoral des <a href=\"https:\/\/actu.fr\/provence-alpes-cote-d-azur\/alpes-maritimes_06\" rel=\"nofollow noopener\" target=\"_blank\">Alpes-Maritimes<\/a>, ces conditions climatiques vont perdurer lors du pont du 1\u1d49\u02b3 mai\u00a02025.<\/p>\n<p class=\" wall-content\">Voici les pr\u00e9visions de <strong>M\u00e9t\u00e9o France<\/strong> pour les quatre prochains jours.<\/p>\n<p>Une journ\u00e9e ensoleill\u00e9e, jeudi<\/p>\n<p class=\" wall-content\">Pour ce jeudi 1\u1d49\u02b3 mai\u00a02025, f\u00eate des travailleurs, la M\u00e9t\u00e9o sera particuli\u00e8rement agr\u00e9able \u00e0 Nice et sur la C\u00f4te d\u2019Azur.<\/p>\n<p class=\" wall-content\">Selon les donn\u00e9es du service officiel de la m\u00e9t\u00e9orologie et de la climatologie en France, le ciel devrait \u00eatre totalement d\u00e9gag\u00e9 \u00e0 Nice et sur l\u2019ensemble du d\u00e9partement. La temp\u00e9rature maximale sera de<strong> 23\u00b0C<\/strong> sur le littoral.<\/p>\n<p>Vid\u00e9os : en ce moment sur ActuUn ciel voil\u00e9, vendredi<\/p>\n<p class=\" wall-content\">Apr\u00e8s une belle matin\u00e9e, le<strong> ciel devrait se voiler<\/strong> sur la C\u00f4te d\u2019Azur le vendredi 2\u00a0mai. Ce sera le cas \u00e0 Nice, mais \u00e9galement \u00e0 Antibes, <a href=\"https:\/\/actu.fr\/provence-alpes-cote-d-azur\/cannes_06029\" rel=\"nofollow noopener\" target=\"_blank\">Cannes<\/a> et Menton, au cours de l\u2019apr\u00e8s-midi.<\/p>\n<p class=\" wall-content\">Malgr\u00e9 tout, le mercure devrait \u00eatre encore sup\u00e9rieur aux normales de saison puisqu\u2019il fera jusqu\u2019\u00e0 23\u00b0C.<\/p>\n<p>Une belle journ\u00e9e, samedi<\/p>\n<p class=\" wall-content\">Rebelote pour la journ\u00e9e du samedi 3\u00a0mai ou<strong> l\u00e9ger voile<\/strong> devrait recouvrir le ciel du sud de la France.<\/p>\n<p class=\" wall-content\">De belles \u00e9claircies sont tout de m\u00eame attendues et le thermom\u00e8tre affichera 22\u00b0C au plus fort de la journ\u00e9e, \u00e0 Nice.<\/p>\n<p>Quelques gouttes, dimanche<\/p>\n<p class=\" wall-content\">Le dernier jour de la semaine sera perturb\u00e9 par quelques gouttes \u00e0 Nice et sur la C\u00f4te d\u2019Azur. Selon les pr\u00e9visions de M\u00e9t\u00e9o France, des <strong>averses<\/strong> sont attendues tout au long de la journ\u00e9e.<\/p>\n<p class=\" wall-content\">Suivez toute l\u2019actualit\u00e9 de vos villes et m\u00e9dias favoris en vous inscrivant \u00e0 <a href=\"https:\/\/moncompte.actu.fr\" title=\"D\u00e9couvez Mon Actu\" rel=\"nofollow noopener\" data-trk=\"{&quot;cta&quot;:{&quot;action&quot;:&quot;https:\\\/\\\/moncompte.actu.fr&quot;,&quot;category&quot;:&quot;mon compte&quot;,&quot;from&quot;:&quot;article footer&quot;,&quot;name&quot;:&quot;Mon actu&quot;,&quot;type&quot;:&quot;cta&quot;}}\" target=\"_blank\">Mon Actu<\/a>.<\/p>\n","protected":false},"excerpt":{"rendered":"Par Ugo Maillard Publi\u00e9 le 1 mai 2025 \u00e0 6h26 Un petit parfum estival commence \u00e0 sublimer la&hellip;\n","protected":false},"author":2,"featured_media":66110,"comment_status":"","ping_status":"","sticky":false,"template":"","format":"standard","meta":{"footnotes":""},"categories":[2819],"tags":[1111,11,1777,674,1011,27,2487,2357,12,2401,882,25],"class_list":{"0":"post-66109","1":"post","2":"type-post","3":"status-publish","4":"format-standard","5":"has-post-thumbnail","7":"category-nice","8":"tag-actu","9":"tag-actualites","10":"tag-eu","11":"tag-europe","12":"tag-fr","13":"tag-france","14":"tag-meteo","15":"tag-meteo-france","16":"tag-news","17":"tag-nice","18":"tag-provence-alpes-cote-dazur","19":"tag-republique-francaise"},"share_on_mastodon":{"url":"https:\/\/pubeurope.com\/@fr\/114430834327766469","error":""},"_links":{"self":[{"href":"https:\/\/www.europesays.com\/fr\/wp-json\/wp\/v2\/posts\/66109","targetHints":{"allow":["GET"]}}],"collection":[{"href":"https:\/\/www.europesays.com\/fr\/wp-json\/wp\/v2\/posts"}],"about":[{"href":"https:\/\/www.europesays.com\/fr\/wp-json\/wp\/v2\/types\/post"}],"author":[{"embeddable":true,"href":"https:\/\/www.europesays.com\/fr\/wp-json\/wp\/v2\/users\/2"}],"replies":[{"embeddable":true,"href":"https:\/\/www.europesays.com\/fr\/wp-json\/wp\/v2\/comments?post=66109"}],"version-history":[{"count":0,"href":"https:\/\/www.europesays.com\/fr\/wp-json\/wp\/v2\/posts\/66109\/revisions"}],"wp:featuredmedia":[{"embeddable":true,"href":"https:\/\/www.europesays.com\/fr\/wp-json\/wp\/v2\/media\/66110"}],"wp:attachment":[{"href":"https:\/\/www.europesays.com\/fr\/wp-json\/wp\/v2\/media?parent=66109"}],"wp:term":[{"taxonomy":"category","embeddable":true,"href":"https:\/\/www.europesays.com\/fr\/wp-json\/wp\/v2\/categories?post=66109"},{"taxonomy":"post_tag","embeddable":true,"href":"https:\/\/www.europesays.com\/fr\/wp-json\/wp\/v2\/tags?post=66109"}],"curies":[{"name":"wp","href":"https:\/\/api.w.org\/{rel}","templated":true}]}}