{"id":661091,"date":"2026-01-13T17:44:11","date_gmt":"2026-01-13T17:44:11","guid":{"rendered":"https:\/\/www.europesays.com\/fr\/661091\/"},"modified":"2026-01-13T17:44:11","modified_gmt":"2026-01-13T17:44:11","slug":"paris-roubaix-f-ferrand-prevot-ne-defendra-pas-son-titre-sports","status":"publish","type":"post","link":"https:\/\/www.europesays.com\/fr\/661091\/","title":{"rendered":"Paris-Roubaix (F) : Ferrand-Pr\u00e9vot ne d\u00e9fendra pas son titre : Sports"},"content":{"rendered":"<p class=\"date\">\n                                                            Emmanuel LANGELLIER, Media365 : publi\u00e9 le mardi 13 janvier 2026 \u00e0 16h18\n                                                    <\/p>\n<p>Pour tenter de rafler un deuxi\u00e8me Tour de France l&rsquo;\u00e9t\u00e9 prochain, Pauline Ferrand-Pr\u00e9v\u00f4t a d\u00e9cid\u00e9 de sacrifier Paris-Roubaix en 2026.<\/p>\n<p>Prodigieuse, Pauline Ferrand-Pr\u00e9v\u00f4t a sign\u00e9 une ann\u00e9e 2025 m\u00e9morable, en m\u00eame temps qu&rsquo;elle a sign\u00e9 un <a href=\"https:\/\/sports.orange.fr\/cyclisme\/article\/bilan-2025-ferrand-prevot-quel-retour-CNT000002mmtQN.html\" target=\"_blank\" rel=\"noopener\"> retour particuli\u00e8rement gagnant <\/a>. Apr\u00e8s 6 saisons consacr\u00e9es au VTT et son sacre tant esp\u00e9r\u00e9 aux Jeux Olympiques de Paris 2024, la Fran\u00e7aise a rayonn\u00e9 sur la route en remportant Paris-Roubaix et, surtout, <a href=\"https:\/\/sports.orange.fr\/cyclisme\/tour-de-france\/article\/tour-de-france-f-les-secrets-du-sacre-de-ferrand-prevot-exclu-CNT000002mmu2y.html\" target=\"_blank\" rel=\"noopener\"> le Tour de France <\/a>, l&rsquo;\u00e9t\u00e9 dernier.<\/p>\n<p>\u00ab Je ferai tout ce que je peux pour d\u00e9fendre mon titre \u00bb au Tour de France<\/p>\n<p>Forte de sa magnifique r\u00e9ussite, la R\u00e9moise de 33 ans (34 le 10 f\u00e9vrier) sera guett\u00e9e en 2026, ann\u00e9e durant laquelle on esp\u00e8re qu&rsquo;elle fera aussi bien. On va revoir PFP le 7 mars aux Strade Bianche o\u00f9 elle effectuera sa rentr\u00e9e. Mardi, elle a d\u00e9voil\u00e9 une grande partie de son programme avec, au c\u0153ur de celui-ci, \u00e9videmment, le Tour de France, \u00e9rig\u00e9 en priorit\u00e9. La Fran\u00e7aise de la formation Visma-Lease a Bike tentera de r\u00e9aliser un splendide doubl\u00e9 sur la Grande Boucle.<\/p>\n<p>\u00ab Je ferai tout ce que je peux pour d\u00e9fendre mon titre, explique-t-elle dans le communiqu\u00e9 de son \u00e9quipe. Le parcours du Tour comprend un contre-la-montre individuel, et je le vois aussi comme un grand d\u00e9fi. Le contre-la-montre me convenait bien dans le pass\u00e9, mais c&rsquo;est certainement une discipline que je peux encore am\u00e9liorer. C&rsquo;est pourquoi je passerai beaucoup de temps sur le v\u00e9lo de contre-la-montre dans la pr\u00e9paration du Tour. C&rsquo;est un effort court, qui, en principe, devrait me convenir. J&rsquo;attends surtout avec impatience l&rsquo;\u00e9tape vers le Mont Ventoux. \u00bb<\/p>\n<p>Le Tour des Flandres et Li\u00e8ge-Bastogne-Li\u00e8ge au menu<\/p>\n<p>Pour pr\u00e9parer le Tour, elle a d\u00e9cid\u00e9 de sacrifier Paris-Roubaix auquel elle ne prendra donc pas part cette ann\u00e9e. \u00ab L&rsquo;ann\u00e9e derni\u00e8re, j&rsquo;ai abord\u00e9 le Tour en outsider et je sais que ce sera diff\u00e9rent cette fois. Mais j&rsquo;aime la pression et je la g\u00e8re bien. Je suis pr\u00eate \u00e0 tout donner encore pour gagner un deuxi\u00e8me Tour. \u00bb La Fran\u00e7aise veut garnir son palmar\u00e8s et sera au d\u00e9part du Tour des Flandres (5 avril) et de Li\u00e8ge-Bastogne-Li\u00e8ge (26 avril), deux Monuments qu&rsquo;elle n&rsquo;a jamais gagn\u00e9s.<\/p>\n<p>\u00ab J&rsquo;ai envie de gagner plus encore \u00bb<\/p>\n<p>Ferrand-Pr\u00e9v\u00f4t se jaugera sur la Fl\u00e8che Wallonne (22 avril) et est annonc\u00e9e sur la Vuelta (3-10 mai). \u00ab Pour moi, 2025 a \u00e9t\u00e9 une ann\u00e9e riche en apprentissages, mais j&rsquo;apprends rapidement de nouvelles choses. Le soutien du staff et de mes co\u00e9quipiers m&rsquo;a permis d&rsquo;atteindre un haut niveau tr\u00e8s rapidement. Ce que nous avons r\u00e9alis\u00e9 la saison derni\u00e8re \u00e9tait incroyable, mais je me concentre d\u00e9j\u00e0 sur l&rsquo;ann\u00e9e \u00e0 venir \u00bb, glisse la R\u00e9moise qu&rsquo;on n&rsquo;a plus revue avec un dossard depuis sa 16e place sur la course en ligne des Championnats du monde \u00e0 Kigali, fin septembre.<\/p>\n<p>\u00ab J&rsquo;ai \u00e9t\u00e9 tr\u00e8s performante sur plusieurs courses mais j&rsquo;ai envie de devenir plus r\u00e9guli\u00e8re. Mon objectif est de viser au plus haut sur chaque course dont je prends le d\u00e9part. J&rsquo;ai envie de gagner plus encore. C&rsquo;est un sacr\u00e9 d\u00e9fi que je suis heureuse de relever \u00bb, a encore affirm\u00e9 PFP.<\/p>\n","protected":false},"excerpt":{"rendered":"Emmanuel LANGELLIER, Media365 : publi\u00e9 le mardi 13 janvier 2026 \u00e0 16h18 Pour tenter de rafler un deuxi\u00e8me&hellip;\n","protected":false},"author":2,"featured_media":661092,"comment_status":"","ping_status":"","sticky":false,"template":"","format":"standard","meta":{"footnotes":""},"categories":[1411],"tags":[1154,207,1011,27,60],"class_list":{"0":"post-661091","1":"post","2":"type-post","3":"status-publish","4":"format-standard","5":"has-post-thumbnail","7":"category-cyclisme","8":"tag-cycling","9":"tag-cyclisme","10":"tag-fr","11":"tag-france","12":"tag-sports"},"share_on_mastodon":{"url":"https:\/\/pubeurope.com\/@fr\/115889036623727045","error":""},"_links":{"self":[{"href":"https:\/\/www.europesays.com\/fr\/wp-json\/wp\/v2\/posts\/661091","targetHints":{"allow":["GET"]}}],"collection":[{"href":"https:\/\/www.europesays.com\/fr\/wp-json\/wp\/v2\/posts"}],"about":[{"href":"https:\/\/www.europesays.com\/fr\/wp-json\/wp\/v2\/types\/post"}],"author":[{"embeddable":true,"href":"https:\/\/www.europesays.com\/fr\/wp-json\/wp\/v2\/users\/2"}],"replies":[{"embeddable":true,"href":"https:\/\/www.europesays.com\/fr\/wp-json\/wp\/v2\/comments?post=661091"}],"version-history":[{"count":0,"href":"https:\/\/www.europesays.com\/fr\/wp-json\/wp\/v2\/posts\/661091\/revisions"}],"wp:featuredmedia":[{"embeddable":true,"href":"https:\/\/www.europesays.com\/fr\/wp-json\/wp\/v2\/media\/661092"}],"wp:attachment":[{"href":"https:\/\/www.europesays.com\/fr\/wp-json\/wp\/v2\/media?parent=661091"}],"wp:term":[{"taxonomy":"category","embeddable":true,"href":"https:\/\/www.europesays.com\/fr\/wp-json\/wp\/v2\/categories?post=661091"},{"taxonomy":"post_tag","embeddable":true,"href":"https:\/\/www.europesays.com\/fr\/wp-json\/wp\/v2\/tags?post=661091"}],"curies":[{"name":"wp","href":"https:\/\/api.w.org\/{rel}","templated":true}]}}