{"id":661093,"date":"2026-01-13T17:45:12","date_gmt":"2026-01-13T17:45:12","guid":{"rendered":"https:\/\/www.europesays.com\/fr\/661093\/"},"modified":"2026-01-13T17:45:12","modified_gmt":"2026-01-13T17:45:12","slug":"suivez-le-dernier-match-des-16es-de-finale-de-la-coupe-de-france-en-live","status":"publish","type":"post","link":"https:\/\/www.europesays.com\/fr\/661093\/","title":{"rendered":"suivez le dernier match des 16es de finale de la Coupe de France en live"},"content":{"rendered":"<p>Quel adversaire pour le vainqueur de Bayeux-OM ?<\/p>\n<p>Dernier match des seizi\u00e8mes de finale de la Coupe de France, ce duel entre Bayeux et l&rsquo;OM se d\u00e9roulera ce mardi d\u00e8s 21h.<\/p>\n<p>Mais avant m\u00eame le coup d&rsquo;envoi du match entre les Normands et les Phoc\u00e9ens, <a href=\"https:\/\/rmcsport.bfmtv.com\/football\/coupe-de-france\/direct-coupe-de-france-suivez-le-tirage-au-sort-des-huitiemes-de-finale-en-live_LN-202601130620.html\" title=\"DIRECT. Coupe de France: suivez le tirage au sort des huiti\u00e8mes de finale en live\" class=\"internal_link\" target=\"_blank\" rel=\"noopener\">le tirage au sort des huiti\u00e8mes de finale de la Coupe de France<\/a> aura d\u00e9j\u00e0 eu lieu.<\/p>\n<p>Ce sera \u00e0 retrouver \u00e0 partir de 20h dans le direct d\u00e9di\u00e9 \u00e0 cet \u00e9v\u00e9nement sur le site et l&rsquo;app RMC Sport.<\/p>\n<p>\u00ab\u00a0De bon augure pour la Coupe du monde\u00a0\u00bb: le message plein d&rsquo;espoir de Gouiri apr\u00e8s l&rsquo;\u00e9limination de l&rsquo;Alg\u00e9rie \u00e0 la CAN 2025<\/p>\n<p>Pr\u00e9sent en conf\u00e9rence de presse avec l&rsquo;OM ce lundi, deux jours apr\u00e8s l&rsquo;\u00e9limination de l&rsquo;Alg\u00e9rie en quart de finale de la CAN 2025, Amine Gouiri a reconnu que la d\u00e9faite \u00e9tait \u00ab\u00a0difficile\u00a0\u00bb \u00e0 avaler. Mais il reste optimiste pour la suite.<\/p>\n<p><a href=\"https:\/\/rmcsport.bfmtv.com\/football\/coupe-d-afrique-des-nations\/de-bon-augure-pour-la-coupe-du-monde-le-message-plein-d-espoir-de-gouiri-apres-l-elimination-de-l-algerie-a-la-can-2025_AV-202601120611.html\" title=\"&quot;De bon augure pour la Coupe du monde&quot;: le message plein d&#039;espoir de Gouiri apr\u00e8s l&#039;\u00e9limination de l&#039;Alg\u00e9rie \u00e0 la CAN 2025\" class=\"internal_link\" target=\"_blank\" rel=\"noopener\">&gt;&gt; La r\u00e9action de Gouiri apr\u00e8s l&rsquo;\u00e9limination de l&rsquo;Alg\u00e9rie \u00e0 la CAN 2025<\/a><\/p>\n<p>\u00ab\u00a0Le jour o\u00f9 il s&rsquo;en va, je m&rsquo;en irai\u00a0\u00bb, la mise au point de De Zerbi apr\u00e8s la sortie \u00e9nigmatique de Benatia<\/p>\n<p>Ce lundi, Roberto De Zerbi a r\u00e9agi \u00e0 la r\u00e9cente sortie m\u00e9diatique de Medhi Benatia, qui avait jet\u00e9 le flou sur son avenir \u00e0 l&rsquo;OM. Le coach italien a assur\u00e9 qu&rsquo;il liait son destin \u00e0 celui de son directeur sportif.<\/p>\n<p>\u00ab\u00a0Benatia est amoureux de Marseille, et peut-\u00eatre encore plus que moi puisqu&rsquo;il est n\u00e9 et a grandi ici\u00a0\u00bb, a d\u00e9velopp\u00e9 De Zerbi au sujet de cette sortie m\u00e9diatique. \u00ab\u00a0C&rsquo;est lui qui m&rsquo;a amen\u00e9 ici. Je suis quelqu&rsquo;un de fid\u00e8le et correct. Le jour o\u00f9 Benatia s&rsquo;en ira, je m&rsquo;en irai \u00e9galement\u00a0\u00bb, a tranch\u00e9 le coach marseillais.<\/p>\n<p><a href=\"https:\/\/rmcsport.bfmtv.com\/football\/clubs\/olympique-marseille\/om-le-jour-ou-il-s-en-va-je-m-en-irai-la-mise-au-point-de-de-zerbi-apres-la-sortie-enigmatique-de-benatia_AV-202601120678.html\" title=\"OM: &quot;Le jour o\u00f9 il s&#039;en va, je m&#039;en irai&quot;, la mise au point de De Zerbi apr\u00e8s la sortie \u00e9nigmatique de Benatia\" class=\"internal_link\" target=\"_blank\" rel=\"noopener\">&gt;&gt; Les propos de De Zerbi sur Benatia<\/a><\/p>\n<p>De Zerbi d\u00e9termin\u00e9 \u00e0 gagner<\/p>\n<p>\u00ab\u00a0Demain, je mets la meilleure \u00e9quipe pour ce match\u00a0\u00bb, a <a href=\"https:\/\/rmcsport.bfmtv.com\/football\/clubs\/olympique-marseille\/direct-om-suivez-en-live-la-conference-de-presse-de-roberto-de-zerbi-avant-le-match-de-coupe-de-france-contre-bayeux_LN-202601120570.html\" title=\"OM: revivez la conf\u00e9rence de presse d&#039;Amine Gouiri et Roberto De Zerbi avant le match de Coupe de France contre Bayeux\" class=\"internal_link\" target=\"_blank\" rel=\"noopener\">pr\u00e9venu ce lundi Roberto De Zerbi<\/a>. \u00ab\u00a0On doit avoir compris une chose, qu&rsquo;on aurait d\u00fb comprendre plus t\u00f4t, c&rsquo;est que tous les matches doivent \u00eatre jou\u00e9s de la m\u00eame fa\u00e7on\u00a0\u00bb, a-t-il dit.<\/p>\n<p>\u00ab\u00a0Il n&rsquo;y a pas de &lsquo;sur le papier&rsquo;. On doit entrer sur le terrain et jouer avec la m\u00eame d\u00e9termination, la m\u00eame humilit\u00e9 et la m\u00eame attention que contre le Real, contre Newcastle, contre le PSG comme on l&rsquo;a fait deux fois. Sinon on est une \u00e9quipe \u00e0 moiti\u00e9\u00a0\u00bb, a-t-il ajout\u00e9.<\/p>\n<p>\u00ab\u00a0C&rsquo;est un r\u00eave de gosse\u00a0\u00bb: la joie des joueurs de Bayeux<\/p>\n<p>Ce soir, Romain Guillotte, poseur en isolation de 32 ans, va d\u00e9laisser sa tenue de chantier et sa perceuse pour vivre le plus beau moment de sa carri\u00e8re de footballeur amateur. \u00ab\u00a0C&rsquo;est incroyable, c&rsquo;est un r\u00eave de gosse. Moi qui supporte l&rsquo;OM depuis que je suis gamin\u2026 C&rsquo;est magnifique, c&rsquo;est magique.\u00a0\u00bb<\/p>\n<p><a href=\"https:\/\/rmcsport.bfmtv.com\/football\/coupe-de-france\/coupe-de-france-c-est-un-reve-de-gosse-la-joie-de-romain-guillotte-l-attaquant-du-bayeux-fc-qui-va-defier-l-om_AV-202601130015.html\" title=\"Coupe de France: &quot;C&#039;est un r\u00eave de gosse&quot;, la joie de Romain Guillotte, l\u2019attaquant du Bayeux FC, qui va d\u00e9fier l&#039;OM\" class=\"internal_link\" target=\"_blank\" rel=\"noopener\">&gt;&gt; \u00ab\u00a0C&rsquo;est un r\u00eave de gosse\u00a0\u00bb, la joie de Romain Guillotte, l\u2019attaquant du Bayeux FC, qui va d\u00e9fier l&rsquo;OM<\/a><\/p>\n<p>Bonjour \u00e0 tous<\/p>\n<p>Et bienvenue dans ce direct consacr\u00e9 \u00e0 la rencontre de Coupe de France entre Bayeux et Marseille. Quatre divisions s\u00e9parent les amateurs normands de leurs h\u00f4tes du soir marseillais. L&rsquo;avant-match et tout le 16e de finale seront comment\u00e9s en live sur notre site.<\/p>\n","protected":false},"excerpt":{"rendered":"Quel adversaire pour le vainqueur de Bayeux-OM ? Dernier match des seizi\u00e8mes de finale de la Coupe de&hellip;\n","protected":false},"author":2,"featured_media":661094,"comment_status":"","ping_status":"","sticky":false,"template":"","format":"standard","meta":{"footnotes":""},"categories":[1410],"tags":[63,1011,27,60],"class_list":{"0":"post-661093","1":"post","2":"type-post","3":"status-publish","4":"format-standard","5":"has-post-thumbnail","7":"category-football","8":"tag-football","9":"tag-fr","10":"tag-france","11":"tag-sports"},"share_on_mastodon":{"url":"https:\/\/pubeurope.com\/@fr\/115889040662354742","error":""},"_links":{"self":[{"href":"https:\/\/www.europesays.com\/fr\/wp-json\/wp\/v2\/posts\/661093","targetHints":{"allow":["GET"]}}],"collection":[{"href":"https:\/\/www.europesays.com\/fr\/wp-json\/wp\/v2\/posts"}],"about":[{"href":"https:\/\/www.europesays.com\/fr\/wp-json\/wp\/v2\/types\/post"}],"author":[{"embeddable":true,"href":"https:\/\/www.europesays.com\/fr\/wp-json\/wp\/v2\/users\/2"}],"replies":[{"embeddable":true,"href":"https:\/\/www.europesays.com\/fr\/wp-json\/wp\/v2\/comments?post=661093"}],"version-history":[{"count":0,"href":"https:\/\/www.europesays.com\/fr\/wp-json\/wp\/v2\/posts\/661093\/revisions"}],"wp:featuredmedia":[{"embeddable":true,"href":"https:\/\/www.europesays.com\/fr\/wp-json\/wp\/v2\/media\/661094"}],"wp:attachment":[{"href":"https:\/\/www.europesays.com\/fr\/wp-json\/wp\/v2\/media?parent=661093"}],"wp:term":[{"taxonomy":"category","embeddable":true,"href":"https:\/\/www.europesays.com\/fr\/wp-json\/wp\/v2\/categories?post=661093"},{"taxonomy":"post_tag","embeddable":true,"href":"https:\/\/www.europesays.com\/fr\/wp-json\/wp\/v2\/tags?post=661093"}],"curies":[{"name":"wp","href":"https:\/\/api.w.org\/{rel}","templated":true}]}}